{"id":6672,"date":"2025-01-20T13:49:20","date_gmt":"2025-01-20T13:49:20","guid":{"rendered":"https:\/\/www.terciariascapuchinas.org\/en\/?p=6672"},"modified":"2025-01-20T13:50:37","modified_gmt":"2025-01-20T13:50:37","slug":"start-of-the-general-canonical-visit-in-the-nazareth-province","status":"publish","type":"post","link":"https:\/\/www.terciariascapuchinas.org\/en\/start-of-the-general-canonical-visit-in-the-nazareth-province\/","title":{"rendered":"Start of the General Canonical Visit in the \u00abNazareth\u00bb Province"},"content":{"rendered":"\t\t<div data-elementor-type=\"wp-post\" data-elementor-id=\"6672\" class=\"elementor elementor-6672\">\n\t\t\t\t\t\t<div class=\"elementor-inner\">\n\t\t\t\t<div class=\"elementor-section-wrap\">\n\t\t\t\t\t\t\t\t\t<section class=\"elementor-section elementor-top-section elementor-element elementor-element-3a3a07c elementor-section-boxed elementor-section-height-default elementor-section-height-default\" data-id=\"3a3a07c\" data-element_type=\"section\">\n\t\t\t\t\t\t<div class=\"elementor-container elementor-column-gap-default\">\n\t\t\t\t\t\t\t<div class=\"elementor-row\">\n\t\t\t\t\t<div class=\"elementor-column elementor-col-100 elementor-top-column elementor-element elementor-element-af07654\" data-id=\"af07654\" data-element_type=\"column\">\n\t\t\t<div class=\"elementor-column-wrap elementor-element-populated\">\n\t\t\t\t\t\t\t<div class=\"elementor-widget-wrap\">\n\t\t\t\t\t\t<div class=\"elementor-element elementor-element-ac40947 elementor-widget elementor-widget-text-editor\" data-id=\"ac40947\" data-element_type=\"widget\" data-widget_type=\"text-editor.default\">\n\t\t\t\t<div class=\"elementor-widget-container\">\n\t\t\t\t\t\t\t\t<div class=\"elementor-text-editor elementor-clearfix\">\n\t\t\t\t<p>Madrid, January 14, 2025. The Capuchin Tertiary Sisters of the \u00abNazareth\u00bb Province have prepared with a spirit of faith, communion, and hope to experience a significant event on their journey: the beginning of the General Canonical Visit, which will take place from January 7 to March 3, 2025, spanning the local communities in Spain, Slovakia, Italy, and Belgium, where the province is present.<\/p><p>The Superior General, Sister Blanca Nidia Bedoya Salazar, along with Sister Mar\u00eda Luisa Garc\u00eda Casami\u00e1n, General Vicar, Sister Mar\u00eda Anabelle C\u00e9spedes Morales, 2nd General Counselor, and Sister Bilma Narcisa Freire Chamorro, 3rd General Counselor, will accompany this visit. Its primary purpose is to support, encourage, animate, and revitalize the life and mission of the communities and apostolic works. It is inspired by the eight pillars of life outlined in the Final Document of the XXIII General Chapter, titled \u00abTogether We Move Forward, Generate, and Care for Life,\u00bb aiming to promote spaces for human and spiritual renewal and apostolic commitment under the current Congregation\u2019s motto, \u00abA Time to Care and Cultivate.\u00bb<\/p><p><strong>A Fraternal and Spiritual Encounter<\/strong><\/p><p>For two months, the sisters will share moments of prayer, reflection, and fraternal encounters with local communities. This time of grace seeks to strengthen bonds of unity, promote communal discernment, and deepen the Franciscan-Amigonian charism, which inspires the Congregation in its mission to serve the most vulnerable.<\/p><p>The \u00abNazareth\u00bb Province, known for its cultural and spiritual richness, has prepared with joy and a sense of belonging to be the protagonist of this event, which will drive charismatic renewal and apostolic service aligned with today&#8217;s challenges. In each community, spaces will be provided for personal and communal dialogue (cf. Const. 105), fostering an atmosphere of listening and co-responsibility.<\/p><p><strong>United in Prayer<\/strong><\/p><p>The entire Amigonian Charismatic Family and those who share its mission are invited to strengthen fraternal communion and prayerful trust for the fruits of this General Canonical Visit. May this time of discernment and encounter inspire a renewed charismatic-missionary spirit and strengthen the \u201cbeing\u201d of Capuchin Tertiary Sisters within the Church.<\/p>\t\t\t\t\t<\/div>\n\t\t\t\t\t\t<\/div>\n\t\t\t\t<\/div>\n\t\t\t\t<div class=\"elementor-element elementor-element-6f54cb1 elementor-widget elementor-widget-gallery\" data-id=\"6f54cb1\" data-element_type=\"widget\" data-settings=\"{&quot;columns&quot;:3,&quot;lazyload&quot;:&quot;yes&quot;,&quot;gallery_layout&quot;:&quot;grid&quot;,&quot;columns_tablet&quot;:2,&quot;columns_mobile&quot;:1,&quot;gap&quot;:{&quot;unit&quot;:&quot;px&quot;,&quot;size&quot;:10,&quot;sizes&quot;:[]},&quot;gap_tablet&quot;:{&quot;unit&quot;:&quot;px&quot;,&quot;size&quot;:10,&quot;sizes&quot;:[]},&quot;gap_mobile&quot;:{&quot;unit&quot;:&quot;px&quot;,&quot;size&quot;:10,&quot;sizes&quot;:[]},&quot;link_to&quot;:&quot;file&quot;,&quot;aspect_ratio&quot;:&quot;3:2&quot;,&quot;overlay_background&quot;:&quot;yes&quot;,&quot;content_hover_animation&quot;:&quot;fade-in&quot;}\" data-widget_type=\"gallery.default\">\n\t\t\t\t<div class=\"elementor-widget-container\">\n\t\t\t\t\t<div class=\"elementor-gallery__container\">\n\t\t\t\t\t\t\t<a class=\"e-gallery-item elementor-gallery-item elementor-animated-content\" href=\"https:\/\/www.terciariascapuchinas.org\/en\/wp-content\/uploads\/2025\/01\/IMG_20250109_125115-scaled.jpg\" data-elementor-open-lightbox=\"yes\" data-elementor-lightbox-slideshow=\"all-6f54cb1\" data-elementor-lightbox-title=\"IMG_20250109_125115\" e-action-hash=\"#elementor-action%3Aaction%3Dlightbox%26settings%3DeyJpZCI6NjY3OSwidXJsIjoiaHR0cHM6XC9cL3d3dy50ZXJjaWFyaWFzY2FwdWNoaW5hcy5vcmdcL2VuXC93cC1jb250ZW50XC91cGxvYWRzXC8yMDI1XC8wMVwvSU1HXzIwMjUwMTA5XzEyNTExNS1zY2FsZWQuanBnIiwic2xpZGVzaG93IjoiYWxsLTZmNTRjYjEifQ%3D%3D\">\n\t\t\t\t\t<div class=\"e-gallery-image elementor-gallery-item__image\" data-thumbnail=\"https:\/\/www.terciariascapuchinas.org\/en\/wp-content\/uploads\/2025\/01\/IMG_20250109_125115-300x135.jpg\" data-width=\"300\" data-height=\"135\" alt=\"\" ><\/div>\n\t\t\t\t\t\t\t\t\t\t\t<div class=\"elementor-gallery-item__overlay\"><\/div>\n\t\t\t\t\t\t\t\t\t\t\t\t\t\t<\/a>\n\t\t\t\t\t\t\t<a class=\"e-gallery-item elementor-gallery-item elementor-animated-content\" href=\"https:\/\/www.terciariascapuchinas.org\/en\/wp-content\/uploads\/2025\/01\/IMG_20250109_125229-scaled.jpg\" data-elementor-open-lightbox=\"yes\" data-elementor-lightbox-slideshow=\"all-6f54cb1\" data-elementor-lightbox-title=\"IMG_20250109_125229\" e-action-hash=\"#elementor-action%3Aaction%3Dlightbox%26settings%3DeyJpZCI6NjY3NiwidXJsIjoiaHR0cHM6XC9cL3d3dy50ZXJjaWFyaWFzY2FwdWNoaW5hcy5vcmdcL2VuXC93cC1jb250ZW50XC91cGxvYWRzXC8yMDI1XC8wMVwvSU1HXzIwMjUwMTA5XzEyNTIyOS1zY2FsZWQuanBnIiwic2xpZGVzaG93IjoiYWxsLTZmNTRjYjEifQ%3D%3D\">\n\t\t\t\t\t<div class=\"e-gallery-image elementor-gallery-item__image\" data-thumbnail=\"https:\/\/www.terciariascapuchinas.org\/en\/wp-content\/uploads\/2025\/01\/IMG_20250109_125229-300x135.jpg\" data-width=\"300\" data-height=\"135\" alt=\"\" ><\/div>\n\t\t\t\t\t\t\t\t\t\t\t<div class=\"elementor-gallery-item__overlay\"><\/div>\n\t\t\t\t\t\t\t\t\t\t\t\t\t\t<\/a>\n\t\t\t\t\t\t\t<a class=\"e-gallery-item elementor-gallery-item elementor-animated-content\" href=\"https:\/\/www.terciariascapuchinas.org\/en\/wp-content\/uploads\/2025\/01\/IMG_20250109_125136-scaled.jpg\" data-elementor-open-lightbox=\"yes\" data-elementor-lightbox-slideshow=\"all-6f54cb1\" data-elementor-lightbox-title=\"IMG_20250109_125136\" e-action-hash=\"#elementor-action%3Aaction%3Dlightbox%26settings%3DeyJpZCI6NjY3NCwidXJsIjoiaHR0cHM6XC9cL3d3dy50ZXJjaWFyaWFzY2FwdWNoaW5hcy5vcmdcL2VuXC93cC1jb250ZW50XC91cGxvYWRzXC8yMDI1XC8wMVwvSU1HXzIwMjUwMTA5XzEyNTEzNi1zY2FsZWQuanBnIiwic2xpZGVzaG93IjoiYWxsLTZmNTRjYjEifQ%3D%3D\">\n\t\t\t\t\t<div class=\"e-gallery-image elementor-gallery-item__image\" data-thumbnail=\"https:\/\/www.terciariascapuchinas.org\/en\/wp-content\/uploads\/2025\/01\/IMG_20250109_125136-300x135.jpg\" data-width=\"300\" data-height=\"135\" alt=\"\" ><\/div>\n\t\t\t\t\t\t\t\t\t\t\t<div class=\"elementor-gallery-item__overlay\"><\/div>\n\t\t\t\t\t\t\t\t\t\t\t\t\t\t<\/a>\n\t\t\t\t\t<\/div>\n\t\t\t<\/div>\n\t\t\t\t<\/div>\n\t\t\t\t\t\t<\/div>\n\t\t\t\t\t<\/div>\n\t\t<\/div>\n\t\t\t\t\t\t\t\t<\/div>\n\t\t\t\t\t<\/div>\n\t\t<\/section>\n\t\t\t\t\t\t\t\t\t<\/div>\n\t\t\t<\/div>\n\t\t\t\t\t<\/div>\n\t\t","protected":false},"excerpt":{"rendered":"<p>Madrid, January 14, 2025. The Capuchin Tertiary Sisters of the \u00abNazareth\u00bb Province have prepared with a spirit of faith, communion, and hope to experience a significant event on their journey: the beginning of the General Canonical Visit, which will take place from January 7 to March 3, 2025, spanning the local communities in Spain, Slovakia, [&hellip;]<\/p>\n","protected":false},"author":1,"featured_media":6680,"comment_status":"open","ping_status":"open","sticky":false,"template":"","format":"standard","meta":[],"categories":[6],"tags":[],"_links":{"self":[{"href":"https:\/\/www.terciariascapuchinas.org\/en\/wp-json\/wp\/v2\/posts\/6672"}],"collection":[{"href":"https:\/\/www.terciariascapuchinas.org\/en\/wp-json\/wp\/v2\/posts"}],"about":[{"href":"https:\/\/www.terciariascapuchinas.org\/en\/wp-json\/wp\/v2\/types\/post"}],"author":[{"embeddable":true,"href":"https:\/\/www.terciariascapuchinas.org\/en\/wp-json\/wp\/v2\/users\/1"}],"replies":[{"embeddable":true,"href":"https:\/\/www.terciariascapuchinas.org\/en\/wp-json\/wp\/v2\/comments?post=6672"}],"version-history":[{"count":4,"href":"https:\/\/www.terciariascapuchinas.org\/en\/wp-json\/wp\/v2\/posts\/6672\/revisions"}],"predecessor-version":[{"id":6684,"href":"https:\/\/www.terciariascapuchinas.org\/en\/wp-json\/wp\/v2\/posts\/6672\/revisions\/6684"}],"wp:featuredmedia":[{"embeddable":true,"href":"https:\/\/www.terciariascapuchinas.org\/en\/wp-json\/wp\/v2\/media\/6680"}],"wp:attachment":[{"href":"https:\/\/www.terciariascapuchinas.org\/en\/wp-json\/wp\/v2\/media?parent=6672"}],"wp:term":[{"taxonomy":"category","embeddable":true,"href":"https:\/\/www.terciariascapuchinas.org\/en\/wp-json\/wp\/v2\/categories?post=6672"},{"taxonomy":"post_tag","embeddable":true,"href":"https:\/\/www.terciariascapuchinas.org\/en\/wp-json\/wp\/v2\/tags?post=6672"}],"curies":[{"name":"wp","href":"https:\/\/api.w.org\/{rel}","templated":true}]}}