{"id":6071,"date":"2022-05-07T09:28:41","date_gmt":"2022-05-07T09:28:41","guid":{"rendered":"https:\/\/www.terciariascapuchinas.org\/it\/?p=6071"},"modified":"2022-05-07T09:29:16","modified_gmt":"2022-05-07T09:29:16","slug":"giornata-internazionale-delle-famiglie","status":"publish","type":"post","link":"https:\/\/www.terciariascapuchinas.org\/it\/giornata-internazionale-delle-famiglie\/","title":{"rendered":"Giornata internazionale delle famiglie"},"content":{"rendered":"\t\t<div data-elementor-type=\"wp-post\" data-elementor-id=\"6071\" class=\"elementor elementor-6071\">\n\t\t\t\t\t\t<div class=\"elementor-inner\">\n\t\t\t\t<div class=\"elementor-section-wrap\">\n\t\t\t\t\t\t\t\t\t<section class=\"elementor-section elementor-top-section elementor-element elementor-element-0da400a elementor-section-boxed elementor-section-height-default elementor-section-height-default\" data-id=\"0da400a\" data-element_type=\"section\">\n\t\t\t\t\t\t<div class=\"elementor-container elementor-column-gap-default\">\n\t\t\t\t\t\t\t<div class=\"elementor-row\">\n\t\t\t\t\t<div class=\"elementor-column elementor-col-100 elementor-top-column elementor-element elementor-element-97366cc\" data-id=\"97366cc\" data-element_type=\"column\">\n\t\t\t<div class=\"elementor-column-wrap elementor-element-populated\">\n\t\t\t\t\t\t\t<div class=\"elementor-widget-wrap\">\n\t\t\t\t\t\t<div class=\"elementor-element elementor-element-a8637c6 elementor-widget elementor-widget-text-editor\" data-id=\"a8637c6\" data-element_type=\"widget\" data-widget_type=\"text-editor.default\">\n\t\t\t\t<div class=\"elementor-widget-container\">\n\t\t\t\t\t\t\t\t<div class=\"elementor-text-editor elementor-clearfix\">\n\t\t\t\t<p><span style=\"font-weight: 400;\">Il 15 maggio di ogni anno si celebra la Giornata Internazionale della Famiglia, al fine di sensibilizzare la popolazione sul ruolo della famiglia nell&#8217;educazione e nella formazione dei bambini fin dalla prima infanzia, nonch\u00e9 per promuovere i legami famigliari e l&#8217;unione familiare.<\/span><\/p><p><span style=\"font-weight: 400;\">L&#8217;origine di questa importante data si stabil\u00ec a partire dagli anni Ottanta. Tuttavia, nel 1994 l&#8217;Assemblea Generale delle Nazioni Unite proclam\u00f2 questa giornata ufficiale, tenendo conto che la famiglia \u00e8 il nucleo centrale di ogni societ\u00e0.<\/span><\/p><p><span style=\"font-weight: 400;\">Da allora, la Giornata Internazionale della Famiglia rappresenta una data emblematica per sottolineare il valore della famiglia nel mondo. Dipende da essa che l&#8217;essere umano riesca a integrarsi in modo sano e completo nel proprio ambiente e raggiunga cos\u00ec livelli di convivenza, dove le regole e le norme che governano la societ\u00e0 siano rispettate.<\/span><\/p><p><b>FONTE: GIORNATAINTERNAZIONALEDE.com<\/b><\/p>\t\t\t\t\t<\/div>\n\t\t\t\t\t\t<\/div>\n\t\t\t\t<\/div>\n\t\t\t\t\t\t<\/div>\n\t\t\t\t\t<\/div>\n\t\t<\/div>\n\t\t\t\t\t\t\t\t<\/div>\n\t\t\t\t\t<\/div>\n\t\t<\/section>\n\t\t\t\t\t\t\t\t\t<\/div>\n\t\t\t<\/div>\n\t\t\t\t\t<\/div>\n\t\t","protected":false},"excerpt":{"rendered":"<p>Il 15 maggio di ogni anno si celebra la Giornata Internazionale della Famiglia, al fine di sensibilizzare la popolazione sul ruolo della famiglia nell&#8217;educazione e nella formazione dei bambini fin dalla prima infanzia, nonch\u00e9 per promuovere i legami famigliari e l&#8217;unione familiare. L&#8217;origine di questa importante data si stabil\u00ec a partire dagli anni Ottanta. Tuttavia, [&hellip;]<\/p>\n","protected":false},"author":1,"featured_media":6064,"comment_status":"open","ping_status":"open","sticky":false,"template":"","format":"standard","meta":[],"categories":[6],"tags":[],"_links":{"self":[{"href":"https:\/\/www.terciariascapuchinas.org\/it\/wp-json\/wp\/v2\/posts\/6071"}],"collection":[{"href":"https:\/\/www.terciariascapuchinas.org\/it\/wp-json\/wp\/v2\/posts"}],"about":[{"href":"https:\/\/www.terciariascapuchinas.org\/it\/wp-json\/wp\/v2\/types\/post"}],"author":[{"embeddable":true,"href":"https:\/\/www.terciariascapuchinas.org\/it\/wp-json\/wp\/v2\/users\/1"}],"replies":[{"embeddable":true,"href":"https:\/\/www.terciariascapuchinas.org\/it\/wp-json\/wp\/v2\/comments?post=6071"}],"version-history":[{"count":4,"href":"https:\/\/www.terciariascapuchinas.org\/it\/wp-json\/wp\/v2\/posts\/6071\/revisions"}],"predecessor-version":[{"id":6075,"href":"https:\/\/www.terciariascapuchinas.org\/it\/wp-json\/wp\/v2\/posts\/6071\/revisions\/6075"}],"wp:featuredmedia":[{"embeddable":true,"href":"https:\/\/www.terciariascapuchinas.org\/it\/wp-json\/wp\/v2\/media\/6064"}],"wp:attachment":[{"href":"https:\/\/www.terciariascapuchinas.org\/it\/wp-json\/wp\/v2\/media?parent=6071"}],"wp:term":[{"taxonomy":"category","embeddable":true,"href":"https:\/\/www.terciariascapuchinas.org\/it\/wp-json\/wp\/v2\/categories?post=6071"},{"taxonomy":"post_tag","embeddable":true,"href":"https:\/\/www.terciariascapuchinas.org\/it\/wp-json\/wp\/v2\/tags?post=6071"}],"curies":[{"name":"wp","href":"https:\/\/api.w.org\/{rel}","templated":true}]}}