{"id":6076,"date":"2022-05-07T09:30:09","date_gmt":"2022-05-07T09:30:09","guid":{"rendered":"https:\/\/www.terciariascapuchinas.org\/it\/?p=6076"},"modified":"2022-05-07T09:31:17","modified_gmt":"2022-05-07T09:31:17","slug":"137-anniversario-della-fondazione-della-congregazione-delle-sorelle-terziarie-cappucine-della-sacra-famiglia","status":"publish","type":"post","link":"https:\/\/www.terciariascapuchinas.org\/it\/137-anniversario-della-fondazione-della-congregazione-delle-sorelle-terziarie-cappucine-della-sacra-famiglia\/","title":{"rendered":"137\u00b0 Anniversario della fondazione della Congregazione delle Sorelle Terziarie Cappucine della Sacra Famiglia"},"content":{"rendered":"\t\t<div data-elementor-type=\"wp-post\" data-elementor-id=\"6076\" class=\"elementor elementor-6076\">\n\t\t\t\t\t\t<div class=\"elementor-inner\">\n\t\t\t\t<div class=\"elementor-section-wrap\">\n\t\t\t\t\t\t\t\t\t<section class=\"elementor-section elementor-top-section elementor-element elementor-element-5810bc3 elementor-section-boxed elementor-section-height-default elementor-section-height-default\" data-id=\"5810bc3\" data-element_type=\"section\">\n\t\t\t\t\t\t<div class=\"elementor-container elementor-column-gap-default\">\n\t\t\t\t\t\t\t<div class=\"elementor-row\">\n\t\t\t\t\t<div class=\"elementor-column elementor-col-100 elementor-top-column elementor-element elementor-element-9fad820\" data-id=\"9fad820\" data-element_type=\"column\">\n\t\t\t<div class=\"elementor-column-wrap elementor-element-populated\">\n\t\t\t\t\t\t\t<div class=\"elementor-widget-wrap\">\n\t\t\t\t\t\t<div class=\"elementor-element elementor-element-373db3e elementor-widget elementor-widget-text-editor\" data-id=\"373db3e\" data-element_type=\"widget\" data-widget_type=\"text-editor.default\">\n\t\t\t\t<div class=\"elementor-widget-container\">\n\t\t\t\t\t\t\t\t<div class=\"elementor-text-editor elementor-clearfix\">\n\t\t\t\t<p><span style=\"font-weight: 400;\">L&#8217;11 maggio la Congregazione delle Sorelle Terziarie Cappuccine della Sacra Famiglia celebra i 137 anni di fondazione.<\/span><\/p><p><span style=\"font-weight: 400;\">Commemorare questo evento, \u00e8 ricordare con gratitudine la culla delle origini congregazionali, avvenuta nell&#8217;anno 1885 sotto la protezione di \u00abNostra Signora di Montiel\u00bb, il cui Santuario si trova nel comune di Benaguacil, Valencia &#8211; Spagna.<\/span><\/p><p><span style=\"font-weight: 400;\">La fondazione di questa Congregazione avviene come risposta all&#8217;azione dello Spirito Santo che, in quel momento, ispir\u00f2 il giovane cappuccino, fra\u2019 Luigi Amig\u00f3 y Ferrer, che ne concretizz\u00f2 l\u2019azione, facendone un dono per la Chiesa e una risposta ai \u201csegni dei tempi\u201d che, all&#8217;epoca, si tradusse nella cura dei fratelli pi\u00f9 bisognosi, particolarmente negli ospedali, nei centri educativi, negli orfanotrofi e nelle missioni. Aveva come unici referenti il santo \u200b\u200bVangelo e la spiritualit\u00e0 francescano-cappuccina.<\/span><\/p><p><span style=\"font-weight: 400;\">Oggi, come ieri, la Congregazione continua a dare vita e ad aggiornare il Carisma ricevuto, nella fedelt\u00e0 allo Spirito e al proposito che la fece nascere, sempre aperta alle nuove povert\u00e0 e realt\u00e0 dei popoli. Attualmente \u00e8 presente in quattro continenti e 34 paesi.<\/span><\/p>\t\t\t\t\t<\/div>\n\t\t\t\t\t\t<\/div>\n\t\t\t\t<\/div>\n\t\t\t\t\t\t<\/div>\n\t\t\t\t\t<\/div>\n\t\t<\/div>\n\t\t\t\t\t\t\t\t<\/div>\n\t\t\t\t\t<\/div>\n\t\t<\/section>\n\t\t\t\t\t\t\t\t\t<\/div>\n\t\t\t<\/div>\n\t\t\t\t\t<\/div>\n\t\t","protected":false},"excerpt":{"rendered":"<p>L&#8217;11 maggio la Congregazione delle Sorelle Terziarie Cappuccine della Sacra Famiglia celebra i 137 anni di fondazione. Commemorare questo evento, \u00e8 ricordare con gratitudine la culla delle origini congregazionali, avvenuta nell&#8217;anno 1885 sotto la protezione di \u00abNostra Signora di Montiel\u00bb, il cui Santuario si trova nel comune di Benaguacil, Valencia &#8211; Spagna. La fondazione di [&hellip;]<\/p>\n","protected":false},"author":1,"featured_media":6062,"comment_status":"open","ping_status":"open","sticky":false,"template":"","format":"standard","meta":[],"categories":[6],"tags":[],"_links":{"self":[{"href":"https:\/\/www.terciariascapuchinas.org\/it\/wp-json\/wp\/v2\/posts\/6076"}],"collection":[{"href":"https:\/\/www.terciariascapuchinas.org\/it\/wp-json\/wp\/v2\/posts"}],"about":[{"href":"https:\/\/www.terciariascapuchinas.org\/it\/wp-json\/wp\/v2\/types\/post"}],"author":[{"embeddable":true,"href":"https:\/\/www.terciariascapuchinas.org\/it\/wp-json\/wp\/v2\/users\/1"}],"replies":[{"embeddable":true,"href":"https:\/\/www.terciariascapuchinas.org\/it\/wp-json\/wp\/v2\/comments?post=6076"}],"version-history":[{"count":4,"href":"https:\/\/www.terciariascapuchinas.org\/it\/wp-json\/wp\/v2\/posts\/6076\/revisions"}],"predecessor-version":[{"id":6080,"href":"https:\/\/www.terciariascapuchinas.org\/it\/wp-json\/wp\/v2\/posts\/6076\/revisions\/6080"}],"wp:featuredmedia":[{"embeddable":true,"href":"https:\/\/www.terciariascapuchinas.org\/it\/wp-json\/wp\/v2\/media\/6062"}],"wp:attachment":[{"href":"https:\/\/www.terciariascapuchinas.org\/it\/wp-json\/wp\/v2\/media?parent=6076"}],"wp:term":[{"taxonomy":"category","embeddable":true,"href":"https:\/\/www.terciariascapuchinas.org\/it\/wp-json\/wp\/v2\/categories?post=6076"},{"taxonomy":"post_tag","embeddable":true,"href":"https:\/\/www.terciariascapuchinas.org\/it\/wp-json\/wp\/v2\/tags?post=6076"}],"curies":[{"name":"wp","href":"https:\/\/api.w.org\/{rel}","templated":true}]}}