{"id":6090,"date":"2022-05-07T09:37:23","date_gmt":"2022-05-07T09:37:23","guid":{"rendered":"https:\/\/www.terciariascapuchinas.org\/it\/?p=6090"},"modified":"2022-05-07T09:38:54","modified_gmt":"2022-05-07T09:38:54","slug":"cammino-sinodale-cammino-capitolare","status":"publish","type":"post","link":"https:\/\/www.terciariascapuchinas.org\/it\/cammino-sinodale-cammino-capitolare\/","title":{"rendered":"Cammino sinodale, cammino capitolare"},"content":{"rendered":"\t\t<div data-elementor-type=\"wp-post\" data-elementor-id=\"6090\" class=\"elementor elementor-6090\">\n\t\t\t\t\t\t<div class=\"elementor-inner\">\n\t\t\t\t<div class=\"elementor-section-wrap\">\n\t\t\t\t\t\t\t\t\t<section class=\"elementor-section elementor-top-section elementor-element elementor-element-bb04e41 elementor-section-boxed elementor-section-height-default elementor-section-height-default\" data-id=\"bb04e41\" data-element_type=\"section\">\n\t\t\t\t\t\t<div class=\"elementor-container elementor-column-gap-default\">\n\t\t\t\t\t\t\t<div class=\"elementor-row\">\n\t\t\t\t\t<div class=\"elementor-column elementor-col-100 elementor-top-column elementor-element elementor-element-72de5a5\" data-id=\"72de5a5\" data-element_type=\"column\">\n\t\t\t<div class=\"elementor-column-wrap elementor-element-populated\">\n\t\t\t\t\t\t\t<div class=\"elementor-widget-wrap\">\n\t\t\t\t\t\t<div class=\"elementor-element elementor-element-004d159 elementor-widget elementor-widget-text-editor\" data-id=\"004d159\" data-element_type=\"widget\" data-widget_type=\"text-editor.default\">\n\t\t\t\t<div class=\"elementor-widget-container\">\n\t\t\t\t\t\t\t\t<div class=\"elementor-text-editor elementor-clearfix\">\n\t\t\t\t<p><span style=\"font-weight: 400;\">Il <\/span><b>Sinodo dei Vescovi<\/b><span style=\"font-weight: 400;\"> \u00e8 di per s\u00e9 un&#8217;Assemblea dei Vescovi delle diverse regioni del mondo, anche se il Papa \u00e8 sempre solito invitare religiosi e laici, uomini e donne, non solo come ascoltatori, ma anche con la possibilit\u00e0 d\u2019intervenire, offrendo il loro punto di vista. L&#8217;Assemblea ordinaria si tiene di norma nel mese di ottobre, ogni tre o quattro anni. Il Sinodo dei Vescovi \u00e8 un&#8217;antica istituzione ecclesiale, ripresa dal Concilio Vaticano II (1965). La <\/span><b>prima<\/b> <b>Assemblea<\/b><span style=\"font-weight: 400;\"> si tenne nell&#8217;ottobre 1967 e <\/span><b>l&#8217;ultima<\/b><span style=\"font-weight: 400;\">, la <\/span><b>XV<\/b><span style=\"font-weight: 400;\">, nel 2018. Inoltre, durante questo lasso di tempo, si svolsero altre tre Assemblee Generali straordinarie e dieci speciali per continenti o regioni.<\/span><\/p><p><span style=\"font-weight: 400;\">A differenza dei <\/span><b>Concili<\/b><span style=\"font-weight: 400;\">, che hanno la capacit\u00e0 di definire dogmi e legiferare (sempre con il permesso del Papa), i Sinodi sono solo consultivi e la loro missione primaria \u00e8 quella di consigliare il Papa sul tema proposto (diverso in ogni Assemblea) attraverso la condivisione, le diverse visioni e realt\u00e0 del mondo e di rafforzare l&#8217;unit\u00e0 come Chiesa universale.<\/span><\/p><p><span style=\"font-weight: 400;\">Da ottobre 2021, in tutte le Diocesi, si sta lavorando alla <\/span><b>XVI Assemblea dei Vescovi che si riunir\u00e0 in ottobre 2023<\/b><span style=\"font-weight: 400;\">, <\/span><b>sul tema della sinodalit\u00e0<\/b><span style=\"font-weight: 400;\">. Siamo tutti chiamati, <\/span><b>a una Chiesa sinodale: comunione, partecipazione e missione. <\/b><span style=\"font-weight: 400;\">\u00abSinodalit\u00e0\u00bb significa \u00ab<\/span><b>Camminare insieme<\/b><span style=\"font-weight: 400;\">\u00bb ed \u00e8 ci\u00f2, che meglio esprime l\u2019essenza\u00a0 della Chiesa, comunit\u00e0 di credenti uniti come fratelli, attorno a Ges\u00f9, Popolo di Dio, pellegrino, che porta la luce del Vangelo, seminando amore e speranza al mondo.<\/span><\/p><p><span style=\"font-weight: 400;\">\u00c8 desiderio espresso dal Papa che al Sinodo partecipi <\/span><b>tutto il Popolo di Dio<\/b><span style=\"font-weight: 400;\">, cio\u00e8 tutti coloro che sono battezzati senza esclusioni: vescovi, sacerdoti, persone consacrate e fedeli laici, anche <\/span><b>coloro che si trovano in situazioni di marginalit\u00e0<\/b><span style=\"font-weight: 400;\">. Vuole che sia anche, un percorso ecclesiale partecipativo e inclusivo, perch\u00e9 tutti possano esprimersi, essere ascoltati e accogliere la ricchezza e la variet\u00e0 di doni e carismi che lo Spirito distribuisce gratuitamente, per il bene della comunit\u00e0 e a favore di tutta l&#8217;umana famiglia.<\/span><\/p><p><span style=\"font-weight: 400;\">Questo cammino insieme richiede una disposizione spirituale di ascolto autentico e reciproco, della tradizione della fede e dei segni dei tempi, per discernere tra tutti ci\u00f2 che Dio ci dice. Il discernimento comunitario aiuter\u00e0 a costruire comunit\u00e0 fiorenti e resilienti per la missione della Chiesa, le quali, camminano meglio, insieme a tutta la famiglia umana e sotto la guida dello Spirito Santo.<\/span><\/p><p><span style=\"font-weight: 400;\">Ebbene, un Capitolo generale, come il XXIII Capitolo generale che le Sorelle Terziarie Cappuccine della Sacra Famiglia celebreranno a Roma dall&#8217;8 settembre al 4 ottobre 2022, \u00e8 come un <\/span><b>Sinodo<\/b><span style=\"font-weight: 400;\"> a livello di <\/span><b>una Congregazione<\/b><span style=\"font-weight: 400;\"> e, assomiglia a un <\/span><b>Concilio <\/b><span style=\"font-weight: 400;\">per il suo potere decisionale, esso segna il futuro e il percorso della stesssa e dove vengono eletti la Superiora generale e il suo Consiglio. Insieme, in <\/span><i><span style=\"font-weight: 400;\">sinodalit\u00e0,<\/span><\/i><span style=\"font-weight: 400;\"> la nostra identit\u00e0 e missione al servizio della Chiesa e del mondo si fortificano e si esprimono attraverso la partecipazione, la comunione e la collaborazione di tutti i membri, quel \u00ab<\/span><i><span style=\"font-weight: 400;\">camminare insieme<\/span><\/i><span style=\"font-weight: 400;\">\u00ab,\u00a0 avendo quegli stessi atteggiamenti spirituali indicati sopra, parlando del Sinodo.<\/span><img loading=\"lazy\" class=\"alignnone wp-image-6060 size-large\" src=\"https:\/\/www.terciariascapuchinas.org\/it\/wp-content\/uploads\/2022\/05\/log-1024x320.png\" alt=\"\" width=\"580\" height=\"181\" srcset=\"https:\/\/www.terciariascapuchinas.org\/it\/wp-content\/uploads\/2022\/05\/log-1024x320.png 1024w, https:\/\/www.terciariascapuchinas.org\/it\/wp-content\/uploads\/2022\/05\/log-300x94.png 300w, https:\/\/www.terciariascapuchinas.org\/it\/wp-content\/uploads\/2022\/05\/log-768x240.png 768w, https:\/\/www.terciariascapuchinas.org\/it\/wp-content\/uploads\/2022\/05\/log-1200x375.png 1200w, https:\/\/www.terciariascapuchinas.org\/it\/wp-content\/uploads\/2022\/05\/log.png 1362w\" sizes=\"(max-width: 580px) 100vw, 580px\" \/><span style=\"font-weight: 400;\">Ecco il <\/span><span style=\"font-weight: 400;\">logo e il motto del nostro Capitolo, mentre tratter\u00e0 il seguente tema: \u00ab<\/span><b><i>Forti nello Spirito, abbracciamo la nostra realt\u00e0 e l&#8217;umanit\u00e0 sofferente, avanzando con speranza nel cammino sinodale\u00bb.<\/i><\/b><\/p><p><span style=\"font-weight: 400;\">La coincidenza di entrambi gli eventi \u00e8 provvidenziale: <\/span><b><i>camminare insieme!<\/i><\/b><span style=\"font-weight: 400;\"> \u00e8 la nostra identit\u00e0 come Congregazione; professiamo le stesse Costituzioni, siamo animate dallo stesso spirito e carisma e, viverlo come un\u2019autentica fraternit\u00e0 di amore e di missione, ci caratterizza come seguaci di San Francesco d&#8217;Assisi, l&#8217;umile fratello universale, mentre le caratteristiche dell&#8217;apertura verso gli altri, e la passione apostolica, ci \u00e8 stata lasciata in eredit\u00e0 dal nostro Padre Fondatore, Luigi Amig\u00f3.<\/span><\/p><p><span style=\"font-weight: 400;\">Siamo gi\u00e0 tutte immerse nel percorso sinodale, ecclesiale e capitolare, cercando di lasciare spazio allo Spirito affinch\u00e9 ci guidi e ci faccia strumento di salvezza insieme agli altri credenti e, in particolare, alle nostre Sorelle della Congregazione. Abbiamo gi\u00e0 avuto colloqui con il Consiglio generale e continuiamo con le altre attivit\u00e0 di valutazione ed elezione ma, soprattutto, stiamo accompagnando con la nostra preghiera quotidiana tutto il percorso capitolare chiedendo l&#8217;azione dello Spirito.<\/span><\/p><p><span style=\"font-weight: 400;\">Come raccomandato dalla nostra Superiora generale, Sr. Ana Tulia L\u00f3pez, <\/span><i><span style=\"font-weight: 400;\">siamo donne sinodali, a cominciare dalla nostra stessa comunit\u00e0, umili nell&#8217;ascolto attento di Dio, della sua Parola, degli altri e anche dell&#8217;umanit\u00e0 sofferente che ci circonda e alla quale serviamo particolarmente nelle nostre opere.<\/span><\/i><\/p><p><span style=\"font-weight: 400;\">Soltanto aperte all&#8217;azione dello Spirito Santo, potremo sperimentare meraviglie. Concludo con una frase di Papa Francesco ai giovani, \u00ab<\/span><i><span style=\"font-weight: 400;\">germoglieranno i sogni e fioriranno le speranze<\/span><\/i><span style=\"font-weight: 400;\">\u00bb e noi daremo la risposta di fedelt\u00e0 che ci corrisponde.<\/span><b>Sr. Maria Elena Echavarren,<\/b><b> TC \u00a0 <\/b><\/p>\t\t\t\t\t<\/div>\n\t\t\t\t\t\t<\/div>\n\t\t\t\t<\/div>\n\t\t\t\t\t\t<\/div>\n\t\t\t\t\t<\/div>\n\t\t<\/div>\n\t\t\t\t\t\t\t\t<\/div>\n\t\t\t\t\t<\/div>\n\t\t<\/section>\n\t\t\t\t\t\t\t\t\t<\/div>\n\t\t\t<\/div>\n\t\t\t\t\t<\/div>\n\t\t","protected":false},"excerpt":{"rendered":"<p>Il Sinodo dei Vescovi \u00e8 di per s\u00e9 un&#8217;Assemblea dei Vescovi delle diverse regioni del mondo, anche se il Papa \u00e8 sempre solito invitare religiosi e laici, uomini e donne, non solo come ascoltatori, ma anche con la possibilit\u00e0 d\u2019intervenire, offrendo il loro punto di vista. L&#8217;Assemblea ordinaria si tiene di norma nel mese di [&hellip;]<\/p>\n","protected":false},"author":1,"featured_media":6063,"comment_status":"open","ping_status":"open","sticky":false,"template":"","format":"standard","meta":[],"categories":[49],"tags":[],"_links":{"self":[{"href":"https:\/\/www.terciariascapuchinas.org\/it\/wp-json\/wp\/v2\/posts\/6090"}],"collection":[{"href":"https:\/\/www.terciariascapuchinas.org\/it\/wp-json\/wp\/v2\/posts"}],"about":[{"href":"https:\/\/www.terciariascapuchinas.org\/it\/wp-json\/wp\/v2\/types\/post"}],"author":[{"embeddable":true,"href":"https:\/\/www.terciariascapuchinas.org\/it\/wp-json\/wp\/v2\/users\/1"}],"replies":[{"embeddable":true,"href":"https:\/\/www.terciariascapuchinas.org\/it\/wp-json\/wp\/v2\/comments?post=6090"}],"version-history":[{"count":4,"href":"https:\/\/www.terciariascapuchinas.org\/it\/wp-json\/wp\/v2\/posts\/6090\/revisions"}],"predecessor-version":[{"id":6094,"href":"https:\/\/www.terciariascapuchinas.org\/it\/wp-json\/wp\/v2\/posts\/6090\/revisions\/6094"}],"wp:featuredmedia":[{"embeddable":true,"href":"https:\/\/www.terciariascapuchinas.org\/it\/wp-json\/wp\/v2\/media\/6063"}],"wp:attachment":[{"href":"https:\/\/www.terciariascapuchinas.org\/it\/wp-json\/wp\/v2\/media?parent=6090"}],"wp:term":[{"taxonomy":"category","embeddable":true,"href":"https:\/\/www.terciariascapuchinas.org\/it\/wp-json\/wp\/v2\/categories?post=6090"},{"taxonomy":"post_tag","embeddable":true,"href":"https:\/\/www.terciariascapuchinas.org\/it\/wp-json\/wp\/v2\/tags?post=6090"}],"curies":[{"name":"wp","href":"https:\/\/api.w.org\/{rel}","templated":true}]}}