{"id":6096,"date":"2022-06-07T09:25:06","date_gmt":"2022-06-07T09:25:06","guid":{"rendered":"https:\/\/www.terciariascapuchinas.org\/it\/?p=6096"},"modified":"2022-06-07T09:26:34","modified_gmt":"2022-06-07T09:26:34","slug":"papa-francesco-realizzera-un-viaggio-apostolico-in-canada","status":"publish","type":"post","link":"https:\/\/www.terciariascapuchinas.org\/it\/papa-francesco-realizzera-un-viaggio-apostolico-in-canada\/","title":{"rendered":"Papa Francesco realizzera un viaggio apostolico in Canada"},"content":{"rendered":"\t\t<div data-elementor-type=\"wp-post\" data-elementor-id=\"6096\" class=\"elementor elementor-6096\">\n\t\t\t\t\t\t<div class=\"elementor-inner\">\n\t\t\t\t<div class=\"elementor-section-wrap\">\n\t\t\t\t\t\t\t\t\t<section class=\"elementor-section elementor-top-section elementor-element elementor-element-91dd29a elementor-section-boxed elementor-section-height-default elementor-section-height-default\" data-id=\"91dd29a\" data-element_type=\"section\">\n\t\t\t\t\t\t<div class=\"elementor-container elementor-column-gap-default\">\n\t\t\t\t\t\t\t<div class=\"elementor-row\">\n\t\t\t\t\t<div class=\"elementor-column elementor-col-100 elementor-top-column elementor-element elementor-element-476a723\" data-id=\"476a723\" data-element_type=\"column\">\n\t\t\t<div class=\"elementor-column-wrap elementor-element-populated\">\n\t\t\t\t\t\t\t<div class=\"elementor-widget-wrap\">\n\t\t\t\t\t\t<div class=\"elementor-element elementor-element-33bdffc elementor-widget elementor-widget-text-editor\" data-id=\"33bdffc\" data-element_type=\"widget\" data-widget_type=\"text-editor.default\">\n\t\t\t\t<div class=\"elementor-widget-container\">\n\t\t\t\t\t\t\t\t<div class=\"elementor-text-editor elementor-clearfix\">\n\t\t\t\t<p><em>Foto: Udienza con i membri del Consiglio nazionale M\u00e9tis, 28 marzo 2022<\/em><\/p><p>\u201cSiamo immensamente grati al Santo Padre per aver accettato il nostro invito a continuare il cammino di guarigione e riconciliazione con i popoli indigeni di questa terra\u201d.<\/p><p>Con queste parole il Vescovo di Saint-J\u00e9rome, Raymond Poisson, Presidente della Conferenza Episcopale canadese, ha accolto, a nome dei vescovi cattolici del Canada, la conferma ufficiale della visita del Pontefice.<\/p><p>Infatti, lo scorso 13 maggio, la Sala Stampa della Santa Sede ha rilasciato un comunicato in cui afferma che, dopo aver accolto \u00abl&#8217;invito delle autorit\u00e0 civili ed ecclesiali e delle comunit\u00e0 indigene, il Santo Padre Francesco far\u00e0 dal 24 al 30 luglio un viaggio apostolico in Canada, visitando le citt\u00e0 di Edmonton, Quebec e Iqaluit\u201d.<\/p><p><strong><em>Autentico desiderio di verit\u00e0, giustizia e guarigione<\/em><\/strong><\/p><p>Come ricordato nel comunicato della Conferenza Episcopale canadese pervenuto all&#8217;Agenzia Fides, dal 28 marzo al 1 aprile, il Santo Padre Francesco ha ascoltato dai delegati indigeni accompagnati da alcuni vescovi canadesi, \u201cle storie di coloro che hanno sofferto per mano di membri della Chiesa cattolica e ha risposto con compassione, dolore e un genuino desiderio di verit\u00e0, giustizia e guarigione\u201d.<\/p><p><strong><em>La questione delle scuole residenziali<\/em><\/strong><\/p><p>La visita delle delegazioni di nativi canadesi s\u2019 inserisce nel percorso denominato \u201cIndigenous Healing &amp; Reconciliation\u201d, intrapreso dalla Canadian Episcopal Conference e dal Canadian Catholic Indigenous Council (CICC), volto soprattutto a sanare il doloroso problema delle scuole residenziali e istituti avviati alla fine del XIX secolo dal governo canadese e affidati alle Chiese cristiane locali, inclusa la Chiesa cattolica. In queste scuole, create con l&#8217;obiettivo di integrare gli autoctoni, attive fino agli anni &#8217;80, i bambini subivano abusi e maltrattamenti, e hanno finito per pagare con la vita la loro diversit\u00e0.<\/p><p><strong><em>Le parole del Papa<\/em><\/strong><\/p><p>Papa Francesco ha espresso sgomento e dolore durante l&#8217;incontro, dopo aver appreso del ritrovamento dei resti di 215 bambini all&#8217;Indian Residential College di Kamloops.<\/p><p>\u201cSeguo con dolore le notizie che arrivano dal Canada sull&#8217;orribile scoperta dei resti di 215 bambini, studenti della Kamloops Indian Residential School, nella provincia della British Columbia. Mi unisco ai vescovi canadesi e all&#8217;intera Chiesa cattolica canadese nell&#8217;esprimere la mia vicinanza al popolo canadese, traumatizzato da questa notizia scioccante. La triste scoperta accresce la nostra consapevolezza del dolore e della sofferenza del passato. Le autorit\u00e0 politiche e religiose del Canada continuano a collaborare con determinazione per chiarire questo triste evento e s\u2019impegnano umilmente in un percorso di riconciliazione e guarigione.<\/p><p>A settembre, la Conferenza episcopale canadese ha rilasciato una dichiarazione in cui esprimeva \u00abrimorsi\u00bb per i maltrattamenti e la morte di migliaia di bambini nativi nelle scuole che il governo aveva affidato alle comunit\u00e0 cattoliche nell&#8217;ambito della sua politica di integrazione dei nativi.<\/p><p>Papa Francesco \u00e8 stato invitato personalmente dai delegati Inuit a visitare il Nord del Paese durante i loro incontri di marzo.<\/p><p>\u00abContinuiamo a camminare insieme in questo importante viaggio di guarigione e riconciliazione\u00bb.<\/p><p><strong>Fonte: Vatican News<\/strong><\/p><p><strong>\u00a0<\/strong><\/p>\t\t\t\t\t<\/div>\n\t\t\t\t\t\t<\/div>\n\t\t\t\t<\/div>\n\t\t\t\t\t\t<\/div>\n\t\t\t\t\t<\/div>\n\t\t<\/div>\n\t\t\t\t\t\t\t\t<\/div>\n\t\t\t\t\t<\/div>\n\t\t<\/section>\n\t\t\t\t\t\t\t\t\t<\/div>\n\t\t\t<\/div>\n\t\t\t\t\t<\/div>\n\t\t","protected":false},"excerpt":{"rendered":"<p>Foto: Udienza con i membri del Consiglio nazionale M\u00e9tis, 28 marzo 2022 \u201cSiamo immensamente grati al Santo Padre per aver accettato il nostro invito a continuare il cammino di guarigione e riconciliazione con i popoli indigeni di questa terra\u201d. Con queste parole il Vescovo di Saint-J\u00e9rome, Raymond Poisson, Presidente della Conferenza Episcopale canadese, ha accolto, [&hellip;]<\/p>\n","protected":false},"author":1,"featured_media":6101,"comment_status":"open","ping_status":"open","sticky":false,"template":"","format":"standard","meta":[],"categories":[6],"tags":[],"_links":{"self":[{"href":"https:\/\/www.terciariascapuchinas.org\/it\/wp-json\/wp\/v2\/posts\/6096"}],"collection":[{"href":"https:\/\/www.terciariascapuchinas.org\/it\/wp-json\/wp\/v2\/posts"}],"about":[{"href":"https:\/\/www.terciariascapuchinas.org\/it\/wp-json\/wp\/v2\/types\/post"}],"author":[{"embeddable":true,"href":"https:\/\/www.terciariascapuchinas.org\/it\/wp-json\/wp\/v2\/users\/1"}],"replies":[{"embeddable":true,"href":"https:\/\/www.terciariascapuchinas.org\/it\/wp-json\/wp\/v2\/comments?post=6096"}],"version-history":[{"count":4,"href":"https:\/\/www.terciariascapuchinas.org\/it\/wp-json\/wp\/v2\/posts\/6096\/revisions"}],"predecessor-version":[{"id":6106,"href":"https:\/\/www.terciariascapuchinas.org\/it\/wp-json\/wp\/v2\/posts\/6096\/revisions\/6106"}],"wp:featuredmedia":[{"embeddable":true,"href":"https:\/\/www.terciariascapuchinas.org\/it\/wp-json\/wp\/v2\/media\/6101"}],"wp:attachment":[{"href":"https:\/\/www.terciariascapuchinas.org\/it\/wp-json\/wp\/v2\/media?parent=6096"}],"wp:term":[{"taxonomy":"category","embeddable":true,"href":"https:\/\/www.terciariascapuchinas.org\/it\/wp-json\/wp\/v2\/categories?post=6096"},{"taxonomy":"post_tag","embeddable":true,"href":"https:\/\/www.terciariascapuchinas.org\/it\/wp-json\/wp\/v2\/tags?post=6096"}],"curies":[{"name":"wp","href":"https:\/\/api.w.org\/{rel}","templated":true}]}}