{"id":6113,"date":"2022-06-07T09:29:48","date_gmt":"2022-06-07T09:29:48","guid":{"rendered":"https:\/\/www.terciariascapuchinas.org\/it\/?p=6113"},"modified":"2022-06-07T09:31:11","modified_gmt":"2022-06-07T09:31:11","slug":"approccio-ai-giovani-di-oggi-e-alle-loro-scelte","status":"publish","type":"post","link":"https:\/\/www.terciariascapuchinas.org\/it\/approccio-ai-giovani-di-oggi-e-alle-loro-scelte\/","title":{"rendered":"Approccio ai giovani di oggi e alle loro scelte"},"content":{"rendered":"\t\t<div data-elementor-type=\"wp-post\" data-elementor-id=\"6113\" class=\"elementor elementor-6113\">\n\t\t\t\t\t\t<div class=\"elementor-inner\">\n\t\t\t\t<div class=\"elementor-section-wrap\">\n\t\t\t\t\t\t\t\t\t<section class=\"elementor-section elementor-top-section elementor-element elementor-element-78cf1aa elementor-section-boxed elementor-section-height-default elementor-section-height-default\" data-id=\"78cf1aa\" data-element_type=\"section\">\n\t\t\t\t\t\t<div class=\"elementor-container elementor-column-gap-default\">\n\t\t\t\t\t\t\t<div class=\"elementor-row\">\n\t\t\t\t\t<div class=\"elementor-column elementor-col-100 elementor-top-column elementor-element elementor-element-b0c19a9\" data-id=\"b0c19a9\" data-element_type=\"column\">\n\t\t\t<div class=\"elementor-column-wrap elementor-element-populated\">\n\t\t\t\t\t\t\t<div class=\"elementor-widget-wrap\">\n\t\t\t\t\t\t<div class=\"elementor-element elementor-element-f1022e7 elementor-widget elementor-widget-text-editor\" data-id=\"f1022e7\" data-element_type=\"widget\" data-widget_type=\"text-editor.default\">\n\t\t\t\t<div class=\"elementor-widget-container\">\n\t\t\t\t\t\t\t\t<div class=\"elementor-text-editor elementor-clearfix\">\n\t\t\t\t<p>Vogliamo iniziare questa condivisione che, pi\u00f9 che un articolo, \u00e8 uno squarcio della nostra esperienza, ringraziando prima di tutto, le Sorelle Terziarie Cappuccine della Sacra Famiglia per averci guidato e preparato nel nostro percorso, ma soprattutto per averci dato la possibilit\u00e0 di dar voce a quanto viviamo in un mondo dove soffocare la vita \u00e8 facile.<\/p><p>Siamo Carolina e Santiago, due giovani colombiani, residenti nella citt\u00e0 di Medell\u00edn. Abbiamo rispettivamente 26 e 27 anni e vogliamo raccontarti un po&#8217; la nostra esperienza, senza nessun altro scopo, se non quello di avvicinarti ai giovani d\u2018oggi e alle nostre opzioni. Da pi\u00f9 di dieci anni, abbiamo iniziato un percorso giovanile, \u00e8 \u00a0l\u00ec, dov\u2019\u00e8 iniziata questa bella storia, grazie all&#8217;invito di una delle sorelle Terziarie Cappuccine.<\/p><p>L&#8217;appartenenza a un gruppo giovanile, in particolare a quello della JUVAM (Giovent\u00f9 Amigoniana) non rappresentava per noi un\u2019alternativa \u00a0valida, tenendo conto che nella nostra mente c\u2019era tutto ci\u00f2 che il mondo offre oggi, esperienze vuote e prive di significato, che riempiono\u00a0 soltanto momentaneamente la vita.<\/p><p>Per molti giovani di oggi, andare controcorrente potrebbe essere paragonato a un rischio da correre a livello sociale, nel senso che si potrebbe essere stigmatizzati, esclusi e talvolta anche perseguitati. Avvicinarsi al messaggio di Ges\u00f9 in questo momento storico, potrebbe rappresentare un atto di ribellione, in un mondo dove \u00e8 molto pi\u00f9 facile avere una mente razionale, fredda piena di dati, soldi e statistiche, lasciando da parte il cuore, essendo indifferente e senza empatia verso chi soffre, ma come ben sappiamo \u00e8 proprio l\u00ec che Ges\u00f9 invita a suscitare vita.<\/p><p>Noi iniziammo il nostro percorso JUVAM, lasciandoci coinvolgere dal di dentro, imparando ad essere docili al progetto che il Signore aveva sulla nostra vita, a poco a poco ci siamo appassionati al suo messaggio, risvegliandosi in noi una particolare sensibilit\u00e0 verso il dolore dei nostri fratelli. Nella JUVAM, ognuno di noi matur\u00f2 e insieme come una squadra,\u00a0 crescemmo spiritualmente e ci avvicinammo a ci\u00f2 che sarebbe stata la missione affidata da Dio, essere marito e moglie, la migliore \u201c<em>squadra\u201d<\/em>, con Dio al centro.<\/p><p>Oggi, parlare di un progetto potrebbe sembrare opprimente, noioso e antiquato per molti giovani, si pensa che si debba pianificare tutto lungo il percorso o semplicemente superare ogni sfida che si presenta.\u00a0 Senza dubbio, a causa del nostro processo giovanile, realizzato nella diocesi di Caldas, Antioquia, a cui apparteniamo, possiamo dire che ci sono giovani appassionati della vita, sensibili verso le necessit\u00e0 del prossimo, critici nei confronti di ci\u00f2 che accade nel loro ambiente, attivi nei \u00a0settori e \u00a0spazi nei quali vengono prese delle decisioni che avranno un impatto sul loro mondo.<\/p><p>Senza dubbio, nel mondo giovanile \u00e8 molta \u00a0variet\u00e0, \u00a0essi sono amanti della natura, pazzi per la lettura e altre forme d\u2019arte e d\u2019espressione, ma, con loro si pu\u00f2 avere un&#8217;ottima conversazione, essi sono in grado di farsi strada e trovare possibilit\u00e0 di vita in tutte queste peculiarit\u00e0.<\/p><p>Non sar\u00e0 possibile avvicinarsi ai giovani se li continuiamo a guardare attraverso uno stigma; dobbiamo vederli nella loro integrit\u00e0 e ci\u00f2 che rappresentano per il mondo, una forza vitale capace di mobilitare e dare senso ai loro progetti. In questa ottica, Ges\u00f9 \u00e8 l&#8217;esempio da seguire, lui \u00e8 capace di aggrapparsi e amare fino all&#8217;estremo, ed essere fedele al progetto che il Padre ha disegnato per la sua vita terrena.<\/p><p>Non possiamo concludere questo articolo senza prima invitarvi a lasciarvi toccare dalla forza di Dio, che invita a rischiare, ad essere coraggiosi nei momenti in cui le avversit\u00e0 possono oscurare il cammino, ma bisogna avere sempre fede e speranza, lasciandoci guidare dallo Spirito Santo e spingere dal messaggio di un Ges\u00f9 giovane, solo cosi troveremo la scelta di vita migliore per noi.<\/p><p>Pace e bene!<\/p><p>Con amore,<\/p><p><strong>CAROLINA &amp; SANTIAGO<\/strong><\/p>\t\t\t\t\t<\/div>\n\t\t\t\t\t\t<\/div>\n\t\t\t\t<\/div>\n\t\t\t\t\t\t<\/div>\n\t\t\t\t\t<\/div>\n\t\t<\/div>\n\t\t\t\t\t\t\t\t<\/div>\n\t\t\t\t\t<\/div>\n\t\t<\/section>\n\t\t\t\t\t\t\t\t\t<\/div>\n\t\t\t<\/div>\n\t\t\t\t\t<\/div>\n\t\t","protected":false},"excerpt":{"rendered":"<p>Vogliamo iniziare questa condivisione che, pi\u00f9 che un articolo, \u00e8 uno squarcio della nostra esperienza, ringraziando prima di tutto, le Sorelle Terziarie Cappuccine della Sacra Famiglia per averci guidato e preparato nel nostro percorso, ma soprattutto per averci dato la possibilit\u00e0 di dar voce a quanto viviamo in un mondo dove soffocare la vita \u00e8 [&hellip;]<\/p>\n","protected":false},"author":1,"featured_media":6098,"comment_status":"open","ping_status":"open","sticky":false,"template":"","format":"standard","meta":[],"categories":[49],"tags":[],"_links":{"self":[{"href":"https:\/\/www.terciariascapuchinas.org\/it\/wp-json\/wp\/v2\/posts\/6113"}],"collection":[{"href":"https:\/\/www.terciariascapuchinas.org\/it\/wp-json\/wp\/v2\/posts"}],"about":[{"href":"https:\/\/www.terciariascapuchinas.org\/it\/wp-json\/wp\/v2\/types\/post"}],"author":[{"embeddable":true,"href":"https:\/\/www.terciariascapuchinas.org\/it\/wp-json\/wp\/v2\/users\/1"}],"replies":[{"embeddable":true,"href":"https:\/\/www.terciariascapuchinas.org\/it\/wp-json\/wp\/v2\/comments?post=6113"}],"version-history":[{"count":4,"href":"https:\/\/www.terciariascapuchinas.org\/it\/wp-json\/wp\/v2\/posts\/6113\/revisions"}],"predecessor-version":[{"id":6117,"href":"https:\/\/www.terciariascapuchinas.org\/it\/wp-json\/wp\/v2\/posts\/6113\/revisions\/6117"}],"wp:featuredmedia":[{"embeddable":true,"href":"https:\/\/www.terciariascapuchinas.org\/it\/wp-json\/wp\/v2\/media\/6098"}],"wp:attachment":[{"href":"https:\/\/www.terciariascapuchinas.org\/it\/wp-json\/wp\/v2\/media?parent=6113"}],"wp:term":[{"taxonomy":"category","embeddable":true,"href":"https:\/\/www.terciariascapuchinas.org\/it\/wp-json\/wp\/v2\/categories?post=6113"},{"taxonomy":"post_tag","embeddable":true,"href":"https:\/\/www.terciariascapuchinas.org\/it\/wp-json\/wp\/v2\/tags?post=6113"}],"curies":[{"name":"wp","href":"https:\/\/api.w.org\/{rel}","templated":true}]}}