{"id":6118,"date":"2022-06-07T09:32:52","date_gmt":"2022-06-07T09:32:52","guid":{"rendered":"https:\/\/www.terciariascapuchinas.org\/it\/?p=6118"},"modified":"2022-06-08T15:29:44","modified_gmt":"2022-06-08T15:29:44","slug":"asumir-el-reto-de-hacer-silencio-para-escuchar-en-el-cierre-del-ano-de-la-familia","status":"publish","type":"post","link":"https:\/\/www.terciariascapuchinas.org\/it\/asumir-el-reto-de-hacer-silencio-para-escuchar-en-el-cierre-del-ano-de-la-familia\/","title":{"rendered":"Accettare la sfida di fare silenzio per ascoltare"},"content":{"rendered":"\t\t<div data-elementor-type=\"wp-post\" data-elementor-id=\"6118\" class=\"elementor elementor-6118\">\n\t\t\t\t\t\t<div class=\"elementor-inner\">\n\t\t\t\t<div class=\"elementor-section-wrap\">\n\t\t\t\t\t\t\t\t\t<section class=\"elementor-section elementor-top-section elementor-element elementor-element-089a5db elementor-section-boxed elementor-section-height-default elementor-section-height-default\" data-id=\"089a5db\" data-element_type=\"section\">\n\t\t\t\t\t\t<div class=\"elementor-container elementor-column-gap-default\">\n\t\t\t\t\t\t\t<div class=\"elementor-row\">\n\t\t\t\t\t<div class=\"elementor-column elementor-col-100 elementor-top-column elementor-element elementor-element-aea2a78\" data-id=\"aea2a78\" data-element_type=\"column\">\n\t\t\t<div class=\"elementor-column-wrap elementor-element-populated\">\n\t\t\t\t\t\t\t<div class=\"elementor-widget-wrap\">\n\t\t\t\t\t\t<div class=\"elementor-element elementor-element-9565c06 elementor-widget elementor-widget-text-editor\" data-id=\"9565c06\" data-element_type=\"widget\" data-widget_type=\"text-editor.default\">\n\t\t\t\t<div class=\"elementor-widget-container\">\n\t\t\t\t\t\t\t\t<div class=\"elementor-text-editor elementor-clearfix\">\n\t\t\t\t<p><strong>Anno \u00abFamiglia Amoris Laetitia\u00bb<\/strong><\/p><p>Il 19 marzo 2016 fu \u00a0firmata l&#8217;Esortazione apostolica postsinodale \u201cAmoris laetitia\u201d (La gioia dell&#8217;amore, in famiglia). Questo documento \u00e8 il compendio di due sinodi sulla famiglia convocati da papa Francesco nel 2014 \u201cLa famiglia nel contesto dell&#8217;evangelizzazione\u201d e nel 2015, \u201cLa vocazione e la missione nella famiglia, nella Chiesa e nel mondo contemporaneo\u201d.<\/p><p>Amoris Laetitia ha segnato l&#8217;inizio di un cammino che ha promosso un nuovo approccio pastorale della realt\u00e0 famigliare.<\/p><p>Papa Francesco spiega che l&#8217;Esortazione \u00abacquista un significato speciale\u00bb per due motivi: \u00ab<em>La ritengo una proposta per le famiglie cristiane, che le incoraggia a valorizzare i doni del matrimonio e della famiglia, e le aiuta a rafforzare l\u2019amore profondo e pieno di valori come la generosit\u00e0, l\u2019impegno, la fedelt\u00e0 e la pazienza, <\/em>come anche \u201c<em>cerca d\u2019incoraggiare tutti ad essere espressione della misericordia e della vicinanza l\u00e0 dove la vita famigliare non si dispiega \u00a0in modo perfetto oppure non cammina nella pace e nella gioia\u201d.<\/em><\/p><p>Questo quinto anniversario dell&#8217;Esortazione apostolica, papa Francesco lo ha annunciato come un anno dedicato alle famiglie. \u00a0Infatti, \u00e8 stato ufficialmente dichiarato come l&#8217;Anno \u00ab<em>Famiglia Amoris Laetitia<\/em>\u00bb e il Papa ha invitato i cattolici a riflettere sull&#8217;amore famigliare, lasciandosi \u00a0illuminare appunto dall&#8217;Esortazione, la quale, raccoglie le esperienze e le sfide delle famiglie di oggi e della loro vocazione. Quest\u2019Anno della Famiglia Amoris Laetitia \u00e8 iniziato il 19 marzo 2021 e si concluder\u00e0 il 26 giugno 2022 con il X Incontro Mondiale delle Famiglie a Roma.<\/p><p><strong>LA SORELLA TERZIARIA CAPPUCCINA IN COMUNIONE CON LA CHIESA<\/strong><\/p><p>Per le Sorelle Terziarie Cappuccine ci\u00f2 ha rappresentato una sfida pastorale che le\u00a0 ha portate a situarsi nel contesto di una missione esercitata nel marco del confinamento della pandemia, che a sua volta, ha fatto germogliare all&#8217;interno delle famiglie altre pandemie: abusi domestici, abbandono, divorzi, depressione, solitudine, vizi, assurdit\u00e0 varie e relativismo&#8230;<\/p><p>Dall&#8217;essenza del carisma amigoniano nacque l\u2019inquietudine di generare uno spazio di riflessione pastorale su questa Esortazione e di partecipare creativamente mediante ogni singola nostra presenza e comunit\u00e0 alla progettazione e sperimentazione di quest&#8217;Anno. Papa Francesco dedic\u00f2 l&#8217;Anno Famiglia Amoris Laetitia alla Sacra Famiglia di Ges\u00f9, che insieme a Maria e Giuseppe, \u00e8 patrona della Congregazione delle Sorelle Terziarie Cappuccine della Sacra Famiglia. Essa \u00a0\u00e8 il modello pi\u00f9 prossimo alla nostra umanit\u00e0, che nella sua disponibilit\u00e0 a compiere la volont\u00e0 di Dio, la sua obbedienza e il suo ascolto attento, continua a illuminare e a indicare il cammino per edificare la chiesa domestica.<\/p><p><strong>SAN GIUSEPPE CUSTODE DELL&#8217;ANNO DELLA FAMIGLIA<\/strong><\/p><p>Proporre san Giuseppe come custode dell&#8217;Anno della Famiglia \u00e8 affermarlo come modello di amore paterno ed esempio di come dare valore e dignit\u00e0 al lavoro. Secondo la tradizione, san Giuseppe lavor\u00f2 come umile falegname nella citt\u00e0 di Nazaret. Oggi, dopo tre anni segnati dalla pandemia (COVID 19), possiamo dire, che sia l&#8217;amore dei genitori, come la dignit\u00e0 assegnata al lavoro sono diventati elementi imprescindibili per la salute e il benessere delle nostre famiglie e comunit\u00e0. Quest\u2019amore paterno donato a Maria e a Ges\u00f9 diede loro sostegno e libert\u00e0, oggi insegna a noi tutti a fermarci, per lasciarci accompagnare dalla spiritualit\u00e0 di Nazaret, basata sull&#8217;ascolto, sul dialogo e sull&#8217;obbedienza.<\/p><p>Per esercitare l&#8217;ascolto \u00e8 necessario tacere e svuotarsi delle parole. Nella Sacra Famiglia di Nazaret questo silenzio si traduceva in disponibilit\u00e0 e generosit\u00e0, capaci di realizzare il sogno di Dio: \u00ab<em>Sarai madre dell&#8217;Emmanuele<\/em>&#8230; <em>avvenga di me<\/em>\u00bb (cf. Lc 1, 26-38). \u00ab<em>Prendi Maria e il bambino e fuggi in Egitto&#8230;, part\u00ec mentre era ancora notte<\/em>\u00bb (Mt 2, 13-14), soltanto cos\u00ec si fecero realt\u00e0 le parole che Ges\u00f9 poi disse : \u00ab<em>Beati quelli che ascoltano la Parola di Dio e la mettono in pratica<\/em>\u00bb (Lc 11, 27-28). \u00c8 nel seno della famiglia che il bambino Ges\u00f9 apprese che era stato benedetto, e che soltanto cos\u00ec sarebbe stato felice. \u00c8 nella famiglia che impariamo ad ascoltare gli insegnamenti \u00a0e a obbedire.<\/p><p><strong>PROPOSTA<\/strong><\/p><p>Sarebbe bello e necessario che il culmine dell&#8217;Anno della Famiglia si converti per noi in una tappa propositiva, all\u2019interno della quale potremmo continuare a scrivere le pagine della post Amoris Laetitia e dove le realt\u00e0 emergenti e latenti della famiglia venissero accompagnate e illuminate da questa lettera post-sinodale.<\/p><p>Iniziamo ad esercitarci nel silenzio per ascoltare Dio, noi stessi e gli altri, perch\u00e9 solo allora emerger\u00e0 la creativit\u00e0, la novit\u00e0, che Dio vuole per la Chiesa, la nostra chiesa domestica.<\/p><p>Camminare in sinodalit\u00e0 \u00e8 la proposta che muove il cuore della Chiesa oggi e sar\u00e0 soltanto grazie all&#8217;impegno di ogni membro della famiglia che accoglie e vive il proprio ruolo all\u2019interno di essa, a far possibile l\u2019ascolto, e il discernimento per costruire il dialogo necessario a salvare la vita e l&#8217;amore nella famiglia.<\/p><p>Maria, Madre della Chiesa e Regina delle famiglie, interceda per noi.<\/p><p><strong>Sr. MARIULIS GREHAN, TC\u00a0\u00a0\u00a0\u00a0\u00a0\u00a0\u00a0\u00a0\u00a0\u00a0\u00a0\u00a0\u00a0\u00a0 <\/strong><\/p>\t\t\t\t\t<\/div>\n\t\t\t\t\t\t<\/div>\n\t\t\t\t<\/div>\n\t\t\t\t\t\t<\/div>\n\t\t\t\t\t<\/div>\n\t\t<\/div>\n\t\t\t\t\t\t\t\t<\/div>\n\t\t\t\t\t<\/div>\n\t\t<\/section>\n\t\t\t\t\t\t\t\t\t<\/div>\n\t\t\t<\/div>\n\t\t\t\t\t<\/div>\n\t\t","protected":false},"excerpt":{"rendered":"<p>Anno \u00abFamiglia Amoris Laetitia\u00bb Il 19 marzo 2016 fu \u00a0firmata l&#8217;Esortazione apostolica postsinodale \u201cAmoris laetitia\u201d (La gioia dell&#8217;amore, in famiglia). Questo documento \u00e8 il compendio di due sinodi sulla famiglia convocati da papa Francesco nel 2014 \u201cLa famiglia nel contesto dell&#8217;evangelizzazione\u201d e nel 2015, \u201cLa vocazione e la missione nella famiglia, nella Chiesa e nel [&hellip;]<\/p>\n","protected":false},"author":1,"featured_media":6133,"comment_status":"open","ping_status":"open","sticky":false,"template":"","format":"standard","meta":[],"categories":[49],"tags":[],"_links":{"self":[{"href":"https:\/\/www.terciariascapuchinas.org\/it\/wp-json\/wp\/v2\/posts\/6118"}],"collection":[{"href":"https:\/\/www.terciariascapuchinas.org\/it\/wp-json\/wp\/v2\/posts"}],"about":[{"href":"https:\/\/www.terciariascapuchinas.org\/it\/wp-json\/wp\/v2\/types\/post"}],"author":[{"embeddable":true,"href":"https:\/\/www.terciariascapuchinas.org\/it\/wp-json\/wp\/v2\/users\/1"}],"replies":[{"embeddable":true,"href":"https:\/\/www.terciariascapuchinas.org\/it\/wp-json\/wp\/v2\/comments?post=6118"}],"version-history":[{"count":9,"href":"https:\/\/www.terciariascapuchinas.org\/it\/wp-json\/wp\/v2\/posts\/6118\/revisions"}],"predecessor-version":[{"id":6134,"href":"https:\/\/www.terciariascapuchinas.org\/it\/wp-json\/wp\/v2\/posts\/6118\/revisions\/6134"}],"wp:featuredmedia":[{"embeddable":true,"href":"https:\/\/www.terciariascapuchinas.org\/it\/wp-json\/wp\/v2\/media\/6133"}],"wp:attachment":[{"href":"https:\/\/www.terciariascapuchinas.org\/it\/wp-json\/wp\/v2\/media?parent=6118"}],"wp:term":[{"taxonomy":"category","embeddable":true,"href":"https:\/\/www.terciariascapuchinas.org\/it\/wp-json\/wp\/v2\/categories?post=6118"},{"taxonomy":"post_tag","embeddable":true,"href":"https:\/\/www.terciariascapuchinas.org\/it\/wp-json\/wp\/v2\/tags?post=6118"}],"curies":[{"name":"wp","href":"https:\/\/api.w.org\/{rel}","templated":true}]}}