{"id":6127,"date":"2022-06-07T09:41:54","date_gmt":"2022-06-07T09:41:54","guid":{"rendered":"https:\/\/www.terciariascapuchinas.org\/it\/?p=6127"},"modified":"2022-06-07T09:43:29","modified_gmt":"2022-06-07T09:43:29","slug":"plenaria-uisg-come-il-sinodo-cambia-la-vita-religiosa","status":"publish","type":"post","link":"https:\/\/www.terciariascapuchinas.org\/it\/plenaria-uisg-come-il-sinodo-cambia-la-vita-religiosa\/","title":{"rendered":"Plenaria UISG: Come il sinodo cambia la vita religiosa"},"content":{"rendered":"\t\t<div data-elementor-type=\"wp-post\" data-elementor-id=\"6127\" class=\"elementor elementor-6127\">\n\t\t\t\t\t\t<div class=\"elementor-inner\">\n\t\t\t\t<div class=\"elementor-section-wrap\">\n\t\t\t\t\t\t\t\t\t<section class=\"elementor-section elementor-top-section elementor-element elementor-element-82c6179 elementor-section-boxed elementor-section-height-default elementor-section-height-default\" data-id=\"82c6179\" data-element_type=\"section\">\n\t\t\t\t\t\t<div class=\"elementor-container elementor-column-gap-default\">\n\t\t\t\t\t\t\t<div class=\"elementor-row\">\n\t\t\t\t\t<div class=\"elementor-column elementor-col-100 elementor-top-column elementor-element elementor-element-6ce7702\" data-id=\"6ce7702\" data-element_type=\"column\">\n\t\t\t<div class=\"elementor-column-wrap elementor-element-populated\">\n\t\t\t\t\t\t\t<div class=\"elementor-widget-wrap\">\n\t\t\t\t\t\t<div class=\"elementor-element elementor-element-5800bd6 elementor-widget elementor-widget-text-editor\" data-id=\"5800bd6\" data-element_type=\"widget\" data-widget_type=\"text-editor.default\">\n\t\t\t\t<div class=\"elementor-widget-container\">\n\t\t\t\t\t\t\t\t<div class=\"elementor-text-editor elementor-clearfix\">\n\t\t\t\t<p>Il quotidiano della Santa Sede, \u201cL&#8217;Osservatore Romano\u201d, pubblica un resoconto finale sui cinque giorni dell&#8217;Assemblea Plenaria dell&#8217;Unione Internazionale dei Superiori Generali (UISG), svoltasi a Roma dal 2 al 6 maggio 2022 sul tema : \u00ab<em>Abbracciare la vulnerabilit\u00e0 nel cammino sinodale\u00bb.<\/em><\/p><p>L\u2019Assemblea si \u00e8 conclusa nel pomeriggio del 6 maggio a Roma. Pi\u00f9 di settecento, Superiore maggiori di diverse congregazioni religiose presenti in tutto il mondo, si sono incontrate nelle date citate, dando vita ad un ricco dibattito di cui abbiamo pubblicato degli articoli su questo giornale, durante tutta la settimana.<\/p><p><strong>ABBRACCIARE LA VULNERABILIT\u00c0 NEL PERCORSO SINODALE<\/strong><\/p><p>Per la prima volta la XXII Assemblea Plenaria della UISG\u00a0 si \u00e8 <strong>svolta <\/strong>in un formato misto, cinquecento suore<strong> in presenza<\/strong>\u00a0e altre duecento online. Ogni giorno, una meditazione sotto forma di preghiera ha aperto le giornate di riflessione. Le figure di Maria, Elisabetta e Ruth, icone di vulnerabilit\u00e0 e sinodalit\u00e0, non solo hanno accompagnato le suore nei lavori, ma hanno ricordato anche che, \u00abAttraverso la nostra vulnerabilit\u00e0 e sinodalit\u00e0, Dio pu\u00f2 fare meraviglie\u00bb.<\/p><p>Suor Jolanta Maria Kafka, Presidente dell&#8217;UISG, ha aperto l&#8217;assemblea esprimendo l&#8217;auspicio che \u201calla luce di Cristo, nostra speranza, il nostro lavoro possa raggiungere la grande assemblea che \u00e8 la Chiesa\u201d.<\/p><p>Molti relatori si sono alternati, offrendo le loro riflessioni sulla vulnerabilit\u00e0 e sinodalit\u00e0. Secondo Ted Dunn, esperto in psicologia, \u00abAbbracciare la nostra vulnerabilit\u00e0 fa parte di una trasformazione interpersonale interiore\u00bb. Sebbene oggi \u00abla vita religiosa si trovi di fronte a un bivio tortuoso, nella grazia risorger\u00e0\u00bb, ha sottolineato il relatore. \u00a0Tra di essi, tre suore hanno anche condiviso la loro esperienza personale nell&#8217;affrontare situazioni vulnerabili nel corso della loro vocazione.<\/p><p>Suor Carmen Mora Sena parl\u00f2 per esempio, com\u2019\u201cessere leader in tempo di pandemia\u201d, e ha detto di essere convinta che \u201cil modello di leadership di cui abbiamo bisogno oggi nelle comunit\u00e0, dev\u2019essere alimentato dalla consapevolezza della vulnerabilit\u00e0\u201d.<\/p><p>Suor Anne Falola (missionaria) ha condiviso la sua scoperta di sentirsi parte della minoranza nel \u00a0luogo dov\u2019 \u00e8\u00a0 in missione: \u00abVivere la k\u00e9nosis di Cristo pone i religiosi in una situazione di oggettiva vulnerabilit\u00e0\u00bb.<\/p><p>E suor Siham Zgheib (in una situazione di conflitto) ha raccontato la sua esperienza di vita nella guerra civile in Siria, in particolare quella di \u00abvivere in un pericolo permanente di essere rapita, torturata, violentata, costretta a indossare l&#8217;hijab, ma soprattutto nella paura di essere obbligata a rinunciare alla sua fede\u201d. Ha detto che ha resistito grazie al pensiero rivolto alla croce, all&#8217;Eucaristia e alle parole della fondatrice della sua Congregazione, le Suore Francescane Missionarie di Maria: \u00ab<em>Durante il tempo delle tenebre, le decisioni prese durante il tempo della luce non cambiano\u00bb.<\/em><\/p><p>Nel corso dell&#8217;assemblea plenaria si \u00e8 riflettuto anche sulla vita religiosa nel periodo della pandemia, \u00abun tempo tra i peggiori ma anche tra i migliori\u00bb, come lo ha definito suor Patricia Murray, Segretaria dell&#8217;Unione Internazionale delle Superiori Generali, poich\u00e9 la \u00a0comunicazione online ha favorito l&#8217;instaurarsi di nuovi contatti tra diverse congregazioni, di culture e confini geografici diversi.<\/p><p>Jessie Rogers, decano del Saint Patrick&#8217;s College di Maynooth, in Irlanda, ha ricordato come sempre le suore possono rendere visibili \u00abl\u2019impronta di Dio\u00bb, da un lato ricordando il passato e, dall&#8217;altro, dimenticandolo \u00abquanto basta per aprire uno spazio alla novit\u00e0 di Dio\u00bb. Ci\u00f2 \u00e8 possibile ha detto, attraverso lo stupore della contemplazione, l&#8217;attenzione compassionevole verso gli altri, una solida speranza e un&#8217;intima convinzione che: \u00ab<em>La follia di Dio \u00e8 pi\u00f9 saggia della saggezza umana\u00bb.<\/em><\/p><p>Suor Nathalie Becquart, Sottosegretaria del Sinodo dei Vescovi, e il gesuita padre David McCallum, dal canto loro, hanno insistito sul contributo che le religiose possono dare al processo sinodale e su come pu\u00f2 cambiare radicalmente la vita religiosa.<\/p><p>Dopo l&#8217;emozionante incontro con papa Francesco di gioved\u00ec 5 maggio, i lavori si conclusero con la partecipazione delle Superiori generali ai gruppi di lavoro organizzati per continenti. Suor Gemma Simmonds e suor Maria Cimperman presentarono alle partecipanti una sintesi delle indicazioni che le varie congregazioni hanno gi\u00e0 comunicato al Segretariato sinodale.<\/p><p>Prima dell&#8217;Eucaristia conclusiva, presieduta da P. Arturo Sosa Abascal, Superiore generale della Compagnia di Ges\u00f9, la Presidente dell&#8217;Unione Internazionale delle Superiori Generali, Sr. Jolanta Kafka ha dichiarato: \u00abConcludiamo quest\u2019assemblea illuminate e rafforzate: per questo ringrazio tutti coloro che hanno contribuito al suo svolgimento\u00bb.<\/p><p><strong>Fonte: L&#8217;Osservatore Romano<\/strong><\/p>\t\t\t\t\t<\/div>\n\t\t\t\t\t\t<\/div>\n\t\t\t\t<\/div>\n\t\t\t\t\t\t<\/div>\n\t\t\t\t\t<\/div>\n\t\t<\/div>\n\t\t\t\t\t\t\t\t<\/div>\n\t\t\t\t\t<\/div>\n\t\t<\/section>\n\t\t\t\t\t\t\t\t\t<\/div>\n\t\t\t<\/div>\n\t\t\t\t\t<\/div>\n\t\t","protected":false},"excerpt":{"rendered":"<p>Il quotidiano della Santa Sede, \u201cL&#8217;Osservatore Romano\u201d, pubblica un resoconto finale sui cinque giorni dell&#8217;Assemblea Plenaria dell&#8217;Unione Internazionale dei Superiori Generali (UISG), svoltasi a Roma dal 2 al 6 maggio 2022 sul tema : \u00abAbbracciare la vulnerabilit\u00e0 nel cammino sinodale\u00bb. L\u2019Assemblea si \u00e8 conclusa nel pomeriggio del 6 maggio a Roma. Pi\u00f9 di settecento, Superiore [&hellip;]<\/p>\n","protected":false},"author":1,"featured_media":6102,"comment_status":"open","ping_status":"open","sticky":false,"template":"","format":"standard","meta":[],"categories":[6],"tags":[],"_links":{"self":[{"href":"https:\/\/www.terciariascapuchinas.org\/it\/wp-json\/wp\/v2\/posts\/6127"}],"collection":[{"href":"https:\/\/www.terciariascapuchinas.org\/it\/wp-json\/wp\/v2\/posts"}],"about":[{"href":"https:\/\/www.terciariascapuchinas.org\/it\/wp-json\/wp\/v2\/types\/post"}],"author":[{"embeddable":true,"href":"https:\/\/www.terciariascapuchinas.org\/it\/wp-json\/wp\/v2\/users\/1"}],"replies":[{"embeddable":true,"href":"https:\/\/www.terciariascapuchinas.org\/it\/wp-json\/wp\/v2\/comments?post=6127"}],"version-history":[{"count":4,"href":"https:\/\/www.terciariascapuchinas.org\/it\/wp-json\/wp\/v2\/posts\/6127\/revisions"}],"predecessor-version":[{"id":6132,"href":"https:\/\/www.terciariascapuchinas.org\/it\/wp-json\/wp\/v2\/posts\/6127\/revisions\/6132"}],"wp:featuredmedia":[{"embeddable":true,"href":"https:\/\/www.terciariascapuchinas.org\/it\/wp-json\/wp\/v2\/media\/6102"}],"wp:attachment":[{"href":"https:\/\/www.terciariascapuchinas.org\/it\/wp-json\/wp\/v2\/media?parent=6127"}],"wp:term":[{"taxonomy":"category","embeddable":true,"href":"https:\/\/www.terciariascapuchinas.org\/it\/wp-json\/wp\/v2\/categories?post=6127"},{"taxonomy":"post_tag","embeddable":true,"href":"https:\/\/www.terciariascapuchinas.org\/it\/wp-json\/wp\/v2\/tags?post=6127"}],"curies":[{"name":"wp","href":"https:\/\/api.w.org\/{rel}","templated":true}]}}