{"id":6136,"date":"2022-07-08T13:45:18","date_gmt":"2022-07-08T13:45:18","guid":{"rendered":"https:\/\/www.terciariascapuchinas.org\/it\/?p=6136"},"modified":"2022-07-08T13:46:35","modified_gmt":"2022-07-08T13:46:35","slug":"messaggio-della-clar-sullinstabilita-politica-dei-nostri-paesi","status":"publish","type":"post","link":"https:\/\/www.terciariascapuchinas.org\/it\/messaggio-della-clar-sullinstabilita-politica-dei-nostri-paesi\/","title":{"rendered":"Messaggio della clar sull&#8217;instabilita&#8217; politica dei nostri paesi"},"content":{"rendered":"\t\t<div data-elementor-type=\"wp-post\" data-elementor-id=\"6136\" class=\"elementor elementor-6136\">\n\t\t\t\t\t\t<div class=\"elementor-inner\">\n\t\t\t\t<div class=\"elementor-section-wrap\">\n\t\t\t\t\t\t\t\t\t<section class=\"elementor-section elementor-top-section elementor-element elementor-element-6bccb96 elementor-section-boxed elementor-section-height-default elementor-section-height-default\" data-id=\"6bccb96\" data-element_type=\"section\">\n\t\t\t\t\t\t<div class=\"elementor-container elementor-column-gap-default\">\n\t\t\t\t\t\t\t<div class=\"elementor-row\">\n\t\t\t\t\t<div class=\"elementor-column elementor-col-100 elementor-top-column elementor-element elementor-element-739d01d\" data-id=\"739d01d\" data-element_type=\"column\">\n\t\t\t<div class=\"elementor-column-wrap elementor-element-populated\">\n\t\t\t\t\t\t\t<div class=\"elementor-widget-wrap\">\n\t\t\t\t\t\t<div class=\"elementor-element elementor-element-61be92f elementor-widget elementor-widget-text-editor\" data-id=\"61be92f\" data-element_type=\"widget\" data-widget_type=\"text-editor.default\">\n\t\t\t\t<div class=\"elementor-widget-container\">\n\t\t\t\t\t\t\t\t<div class=\"elementor-text-editor elementor-clearfix\">\n\t\t\t\t<p><span style=\"font-weight: 400;\">L&#8217;Assemblea Generale della CLAR (Confederazione Latinoamericana dei Religiosi) riunita a Rionegro &#8211; Antioquia (Colombia) dal 1 al 4 giugno 2022, \u00e8 stata l&#8217;occasione per scrutare nuovamente i segni dei tempi e in essi ascoltare la voce dello Spirito che non smette mai di aprirci l&#8217;orecchio perch\u00e9 possiamo ascoltare come discepoli (Is 50,4).<\/span><\/p><p><span style=\"font-weight: 400;\">Oggi, come Vita Religiosa che peregrina in America Latina e nei Caraibi, assistiamo con profonda preoccupazione al deterioramento della democrazia, del tessuto sociale e della crescente instabilit\u00e0 politica di molti dei nostri paesi fratelli, dove le libert\u00e0 fondamentali vengono compromesse. Nell&#8217;ambito del Vertice delle Americhe, riunito a Los Angeles, rivolgiamo un veemente appello ai leader politici, sociali ed economici a dare la priorit\u00e0 alle risposte e alle crepe che la pandemia del Covid-19 ha evidenziato nei sistemi sanitari, educativi e sociali.<\/span><\/p><p><span style=\"font-weight: 400;\">\u00c8 inammissibile che la minaccia alla democrazia, ai cambiamenti climatici e alla mancanza di parit\u00e0 di accesso alle opportunit\u00e0 economiche, sociali e politiche continuino a incidere gravemente e in modo sproporzionato sulla vita delle persone pi\u00f9 vulnerabili e sistematicamente escluse in ciascuno dei nostri paesi. Oggi alziamo la nostra voce di solidariet\u00e0, uniti ai poveri e alla madre terra che gridano pi\u00f9 che mai per la vita. Esprimiamo, allo stesso modo, la nostra fraterna vicinanza e il nostro solidale affetto ai religiosi e ai fratelli soprattutto di Cuba, Haiti, Nicaragua e Venezuela in questi momenti di estrema difficolt\u00e0 e insicurezza. La situazione delle loro comunit\u00e0 di fede e di vita ma, soprattutto le comunit\u00e0 dei fedeli che accompagnano, ci interpella e ci invita a prenderci cura gli uni degli altri con la certezza di portare un tesoro in vasi di terracotta e in una condizione di fragilit\u00e0 (2Co 4,7).<\/span><\/p><p><span style=\"font-weight: 400;\">Insieme a voi, chiediamo per tutta la Vita Religiosa, e per quanti aderiscono al globale movimento di solidariet\u00e0 nei confronti degli emarginati della storia e della madre terra: coraggio, serenit\u00e0 interiore e piena fiducia nell&#8217;azione di Dio che ristabilisce permanentemente la giustizia sociale e ambientale. Facciamo un appello affinch\u00e9 come Vita Religiosa vegliamo, difendiamo e sosteniamo i pi\u00f9 vulnerabili, nella preghiera, nel farci loro portavoce, nella difesa politica e sociale dei loro diritti.\u00a0<\/span><\/p><p><span style=\"font-weight: 400;\">La testimonianza di tante persone impegnate e perseveranti ci rafforza, e questa forza infonde\u00a0 speranza e stimola la solidariet\u00e0. Maria, la donna dell&#8217;Aurora, accompagni e guidi il cammino dei nostri popoli come fece con la prima Chiesa, quando navigava nell\u2019oscurit\u00e0 della persecuzione e dell&#8217;intolleranza. Insieme a Lei e alle donne dell\u2019 Alba ci uniamo in questo cammino a favore della vita.<\/span><\/p><p><i><span style=\"font-weight: 400;\">Partecipanti XXI Assemblea Generale della CLAR<\/span><\/i><\/p><p><i><span style=\"font-weight: 400;\">\u00a0Bogot\u00e1, D.C., 9 giugno 2022<\/span><\/i><\/p><p><b>Fonte: CLAR<\/b><\/p>\t\t\t\t\t<\/div>\n\t\t\t\t\t\t<\/div>\n\t\t\t\t<\/div>\n\t\t\t\t\t\t<\/div>\n\t\t\t\t\t<\/div>\n\t\t<\/div>\n\t\t\t\t\t\t\t\t<\/div>\n\t\t\t\t\t<\/div>\n\t\t<\/section>\n\t\t\t\t\t\t\t\t\t<\/div>\n\t\t\t<\/div>\n\t\t\t\t\t<\/div>\n\t\t","protected":false},"excerpt":{"rendered":"<p>L&#8217;Assemblea Generale della CLAR (Confederazione Latinoamericana dei Religiosi) riunita a Rionegro &#8211; Antioquia (Colombia) dal 1 al 4 giugno 2022, \u00e8 stata l&#8217;occasione per scrutare nuovamente i segni dei tempi e in essi ascoltare la voce dello Spirito che non smette mai di aprirci l&#8217;orecchio perch\u00e9 possiamo ascoltare come discepoli (Is 50,4). Oggi, come Vita [&hellip;]<\/p>\n","protected":false},"author":1,"featured_media":6137,"comment_status":"open","ping_status":"open","sticky":false,"template":"","format":"standard","meta":[],"categories":[6],"tags":[],"_links":{"self":[{"href":"https:\/\/www.terciariascapuchinas.org\/it\/wp-json\/wp\/v2\/posts\/6136"}],"collection":[{"href":"https:\/\/www.terciariascapuchinas.org\/it\/wp-json\/wp\/v2\/posts"}],"about":[{"href":"https:\/\/www.terciariascapuchinas.org\/it\/wp-json\/wp\/v2\/types\/post"}],"author":[{"embeddable":true,"href":"https:\/\/www.terciariascapuchinas.org\/it\/wp-json\/wp\/v2\/users\/1"}],"replies":[{"embeddable":true,"href":"https:\/\/www.terciariascapuchinas.org\/it\/wp-json\/wp\/v2\/comments?post=6136"}],"version-history":[{"count":4,"href":"https:\/\/www.terciariascapuchinas.org\/it\/wp-json\/wp\/v2\/posts\/6136\/revisions"}],"predecessor-version":[{"id":6144,"href":"https:\/\/www.terciariascapuchinas.org\/it\/wp-json\/wp\/v2\/posts\/6136\/revisions\/6144"}],"wp:featuredmedia":[{"embeddable":true,"href":"https:\/\/www.terciariascapuchinas.org\/it\/wp-json\/wp\/v2\/media\/6137"}],"wp:attachment":[{"href":"https:\/\/www.terciariascapuchinas.org\/it\/wp-json\/wp\/v2\/media?parent=6136"}],"wp:term":[{"taxonomy":"category","embeddable":true,"href":"https:\/\/www.terciariascapuchinas.org\/it\/wp-json\/wp\/v2\/categories?post=6136"},{"taxonomy":"post_tag","embeddable":true,"href":"https:\/\/www.terciariascapuchinas.org\/it\/wp-json\/wp\/v2\/tags?post=6136"}],"curies":[{"name":"wp","href":"https:\/\/api.w.org\/{rel}","templated":true}]}}