{"id":6151,"date":"2022-07-08T13:52:32","date_gmt":"2022-07-08T13:52:32","guid":{"rendered":"https:\/\/www.terciariascapuchinas.org\/it\/?p=6151"},"modified":"2022-07-08T13:53:41","modified_gmt":"2022-07-08T13:53:41","slug":"il-papa-evidenzia-il-valore-degli-anziani-nella-societa-e-nella-comunita-nella-vecchiaia-continueranno-a-portare-frutto","status":"publish","type":"post","link":"https:\/\/www.terciariascapuchinas.org\/it\/il-papa-evidenzia-il-valore-degli-anziani-nella-societa-e-nella-comunita-nella-vecchiaia-continueranno-a-portare-frutto\/","title":{"rendered":"Il papa evidenzia il valore degli anziani nella societ\u00e0 e nella comunit\u00e0: \u00abNella vecchiaia continueranno a portare frutto\u00bb"},"content":{"rendered":"\t\t<div data-elementor-type=\"wp-post\" data-elementor-id=\"6151\" class=\"elementor elementor-6151\">\n\t\t\t\t\t\t<div class=\"elementor-inner\">\n\t\t\t\t<div class=\"elementor-section-wrap\">\n\t\t\t\t\t\t\t\t\t<section class=\"elementor-section elementor-top-section elementor-element elementor-element-48dd127 elementor-section-boxed elementor-section-height-default elementor-section-height-default\" data-id=\"48dd127\" data-element_type=\"section\">\n\t\t\t\t\t\t<div class=\"elementor-container elementor-column-gap-default\">\n\t\t\t\t\t\t\t<div class=\"elementor-row\">\n\t\t\t\t\t<div class=\"elementor-column elementor-col-100 elementor-top-column elementor-element elementor-element-b839871\" data-id=\"b839871\" data-element_type=\"column\">\n\t\t\t<div class=\"elementor-column-wrap elementor-element-populated\">\n\t\t\t\t\t\t\t<div class=\"elementor-widget-wrap\">\n\t\t\t\t\t\t<div class=\"elementor-element elementor-element-58e0015 elementor-widget elementor-widget-text-editor\" data-id=\"58e0015\" data-element_type=\"widget\" data-widget_type=\"text-editor.default\">\n\t\t\t\t<div class=\"elementor-widget-container\">\n\t\t\t\t\t\t\t\t<div class=\"elementor-text-editor elementor-clearfix\">\n\t\t\t\t<p><i><span style=\"font-weight: 400;\">Fonte fotografia: Ecclesia<\/span><\/i><\/p><p><span style=\"font-weight: 400;\">Papa Francesco ha scelto il tema \u00abNella vecchiaia continueranno a portare frutto\u00bb per la Seconda Giornata Mondiale dei Nonni e degli Anziani, che si terr\u00e0 il 24 luglio, con l&#8217;intenzione di sottolineare che \u00abcostituiscono un valore e un dono sia per la societ\u00e0 cos\u00ec come per le comunit\u00e0 ecclesiali\u201d.<\/span><\/p><p><span style=\"font-weight: 400;\">Il Vaticano ha riferito in un comunicato che papa Francesco ha scelto questo tema perch\u00e9 \u00abtroppo spesso\u00bb gli <\/span><i><span style=\"font-weight: 400;\">anziani<\/span><\/i><span style=\"font-weight: 400;\"> \u00absono tenuti ai margini delle famiglie e delle comunit\u00e0 civili ed ecclesiali\u00bb.<\/span><\/p><p><span style=\"font-weight: 400;\">\u201cLe loro esperienze di vita e di fede possono aiutare a costruire societ\u00e0 consapevoli delle proprie radici e capaci di sognare un futuro pi\u00f9 solidale\u201d, ma la loro saggezza pu\u00f2 essere ascoltata anche \u201cnell&#8217;ambito del cammino sinodale che la Chiesa ha intrapreso\u201d.<\/span><\/p><p><span style=\"font-weight: 400;\">\u201cIl Dicastero per i Laici, la Famiglia e la Vita invita le parrocchie, le diocesi, le associazioni e le comunit\u00e0 ecclesiali di tutto il mondo a trovare un modo per celebrare la Giornata nel proprio contesto pastorale, e per questo metter\u00e0 a disposizione gli strumenti pastorali adeguati\u201d, conclude il comunicato.<\/span><\/p><p><b>LA GIORNATA MONDIALE DEI NONNI E DEGLI ANZIANI<\/b><\/p><p><span style=\"font-weight: 400;\">Ricordiamo che Papa Francesco ha annunciato l&#8217;istituzione di questa Giornata dopo la recita dell&#8217;Angelus domenica 31 gennaio 2021, stabilendo la celebrazione nella quarta domenica di luglio, presso la memoria liturgica dei santi Gioacchino e Anna, nonni di Ges\u00f9.<\/span><\/p><p><span style=\"font-weight: 400;\">\u201cLegame\u201d tra generazioni per trasmettere ai giovani l&#8217;esperienza di vita e di fede, \u201cspesso ci si dimentica dei nonni &#8211; ha sottolineato in quell&#8217;occasione il Papa &#8211; e si dimentica questa ricchezza di custodire le radici e di trasmetterle\u201d. Da qui la decisione del Pontefice di istituire questa Giornata Mondiale.<\/span><\/p><p><b>Fonte: Servizio Diocesano di Comunicazione &#8211; Diocesi di Mondo\u00f1edo-Ferrol<\/b><\/p>\t\t\t\t\t<\/div>\n\t\t\t\t\t\t<\/div>\n\t\t\t\t<\/div>\n\t\t\t\t\t\t<\/div>\n\t\t\t\t\t<\/div>\n\t\t<\/div>\n\t\t\t\t\t\t\t\t<\/div>\n\t\t\t\t\t<\/div>\n\t\t<\/section>\n\t\t\t\t\t\t\t\t\t<\/div>\n\t\t\t<\/div>\n\t\t\t\t\t<\/div>\n\t\t","protected":false},"excerpt":{"rendered":"<p>Fonte fotografia: Ecclesia Papa Francesco ha scelto il tema \u00abNella vecchiaia continueranno a portare frutto\u00bb per la Seconda Giornata Mondiale dei Nonni e degli Anziani, che si terr\u00e0 il 24 luglio, con l&#8217;intenzione di sottolineare che \u00abcostituiscono un valore e un dono sia per la societ\u00e0 cos\u00ec come per le comunit\u00e0 ecclesiali\u201d. Il Vaticano ha [&hellip;]<\/p>\n","protected":false},"author":1,"featured_media":6139,"comment_status":"open","ping_status":"open","sticky":false,"template":"","format":"standard","meta":[],"categories":[6],"tags":[],"_links":{"self":[{"href":"https:\/\/www.terciariascapuchinas.org\/it\/wp-json\/wp\/v2\/posts\/6151"}],"collection":[{"href":"https:\/\/www.terciariascapuchinas.org\/it\/wp-json\/wp\/v2\/posts"}],"about":[{"href":"https:\/\/www.terciariascapuchinas.org\/it\/wp-json\/wp\/v2\/types\/post"}],"author":[{"embeddable":true,"href":"https:\/\/www.terciariascapuchinas.org\/it\/wp-json\/wp\/v2\/users\/1"}],"replies":[{"embeddable":true,"href":"https:\/\/www.terciariascapuchinas.org\/it\/wp-json\/wp\/v2\/comments?post=6151"}],"version-history":[{"count":6,"href":"https:\/\/www.terciariascapuchinas.org\/it\/wp-json\/wp\/v2\/posts\/6151\/revisions"}],"predecessor-version":[{"id":6157,"href":"https:\/\/www.terciariascapuchinas.org\/it\/wp-json\/wp\/v2\/posts\/6151\/revisions\/6157"}],"wp:featuredmedia":[{"embeddable":true,"href":"https:\/\/www.terciariascapuchinas.org\/it\/wp-json\/wp\/v2\/media\/6139"}],"wp:attachment":[{"href":"https:\/\/www.terciariascapuchinas.org\/it\/wp-json\/wp\/v2\/media?parent=6151"}],"wp:term":[{"taxonomy":"category","embeddable":true,"href":"https:\/\/www.terciariascapuchinas.org\/it\/wp-json\/wp\/v2\/categories?post=6151"},{"taxonomy":"post_tag","embeddable":true,"href":"https:\/\/www.terciariascapuchinas.org\/it\/wp-json\/wp\/v2\/tags?post=6151"}],"curies":[{"name":"wp","href":"https:\/\/api.w.org\/{rel}","templated":true}]}}