{"id":6171,"date":"2022-08-08T16:10:03","date_gmt":"2022-08-08T16:10:03","guid":{"rendered":"https:\/\/www.terciariascapuchinas.org\/it\/?p=6171"},"modified":"2022-08-08T16:17:21","modified_gmt":"2022-08-08T16:17:21","slug":"il-vaticano-di-fronte-alla-revoca-dellaborto-negli-usa-e-un-vigoroso-invito-a-riflettere-insieme","status":"publish","type":"post","link":"https:\/\/www.terciariascapuchinas.org\/it\/il-vaticano-di-fronte-alla-revoca-dellaborto-negli-usa-e-un-vigoroso-invito-a-riflettere-insieme\/","title":{"rendered":"Il vaticano di fronte alla revoca dell&#8217;aborto negli USA: \u201cE&#8217; un vigoroso invito a riflettere insieme\u201d"},"content":{"rendered":"\t\t<div data-elementor-type=\"wp-post\" data-elementor-id=\"6171\" class=\"elementor elementor-6171\">\n\t\t\t\t\t\t<div class=\"elementor-inner\">\n\t\t\t\t<div class=\"elementor-section-wrap\">\n\t\t\t\t\t\t\t\t\t<section class=\"elementor-section elementor-top-section elementor-element elementor-element-7944e5c elementor-section-boxed elementor-section-height-default elementor-section-height-default\" data-id=\"7944e5c\" data-element_type=\"section\">\n\t\t\t\t\t\t<div class=\"elementor-container elementor-column-gap-default\">\n\t\t\t\t\t\t\t<div class=\"elementor-row\">\n\t\t\t\t\t<div class=\"elementor-column elementor-col-100 elementor-top-column elementor-element elementor-element-668ccb2\" data-id=\"668ccb2\" data-element_type=\"column\">\n\t\t\t<div class=\"elementor-column-wrap elementor-element-populated\">\n\t\t\t\t\t\t\t<div class=\"elementor-widget-wrap\">\n\t\t\t\t\t\t<div class=\"elementor-element elementor-element-9f13f50 elementor-widget elementor-widget-text-editor\" data-id=\"9f13f50\" data-element_type=\"widget\" data-widget_type=\"text-editor.default\">\n\t\t\t\t<div class=\"elementor-widget-container\">\n\t\t\t\t\t\t\t\t<div class=\"elementor-text-editor elementor-clearfix\">\n\t\t\t\t<p>Tutte le 50 giurisdizioni degli Stati Uniti potranno o meno limitare l&#8217;aborto. La Corte Suprema degli Stati Uniti, il pi\u00f9 alto organo del Paese, ha deciso di revocare il diritto costituzionale all&#8217;aborto, lasciando agli Stati membri la decisione dell&#8217;interruzione della gravidanza. La votazione si \u00e8 svolta venerd\u00ec 24 giugno con una sentenza di maggioranza di 6 a 3.<\/p><p>Di fronte a un evento del genere, che segna la storia del Paese nordamericano, il Vaticano, attraverso la Pontificia Accademia per la Vita, ha indicato che tale decisione assicurer\u00e0 un&#8217;adeguata educazione sessuale e garantir\u00e0 un&#8217;assistenza sanitaria accessibile a tutti.\u00a0 Il Presidente della Pontificia Accademia, monsignor Vincenzo Paglia, ha anche affermato, che la decisione della Corte servir\u00e0 come riflessione per molte altre nazioni.<\/p><p>\u201cDi fronte alla societ\u00e0 occidentale che sta perdendo la passione per la vita, questo atto \u00e8 un forte invito a riflettere insieme sul grave e urgente problema della generativit\u00e0 umana e sulle condizioni che la rendono possibile; scegliendo la vita, \u00e8 in gioco la nostra responsabilit\u00e0 per il futuro dell&#8217;umanit\u00e0\u201d, ha dichiarato l&#8217;arcivescovo.<\/p><p>A seguito delle sue dichiarazioni, monsignor Vincenzo Paglia ha esortato anche a riaprire un dibattito non ideologico sull\u2019importanza della protezione della vita in una societ\u00e0 civile, inoltre ha invitato, le nazioni a fornire una solida assistenza alle madri, alle coppie e ai bambini che stanno per nascere.<\/p><p>\u201cIl fatto che un grande Paese come gli USA, con una lunga tradizione democratica abbia cambiato posizione su questo tema, rappresenta una sfida per il mondo intero. Non \u00e8 giusto che la questione venga accantonata senza un&#8217;adeguata considerazione globale. La tutela e la difesa della vita umana non \u00e8 una questione che pu\u00f2 essere confinata soltanto all&#8217;esercizio dei diritti individuali, ma \u00e8 una questione di ampio significato sociale\u201d, ha sottolineato.<\/p><p>Oltre al Vaticano, \u00e8 intervenuta anche la campagna americana Pro-vita, dichiarando che, la sentenza della Corte Suprema rappresenta \u00abuna giornata importante per i diritti umani\u00bb.<\/p><p>Diverse giurisdizioni negli Stati Uniti hanno gi\u00e0 annunciato che vieteranno l&#8217;aborto nel loro territorio, tra cui: Alabama, Arkansas, Ohio, Oklahoma, Texas, Wisconsin, North Dakota, South Dakota, Idaho, Kentucky, Louisiana, Michigan, Mississippi, Missouri, Tennessee, Utah e Wyoming.<\/p><p><strong>Fonte: rivista settimanale<\/strong><\/p>\t\t\t\t\t<\/div>\n\t\t\t\t\t\t<\/div>\n\t\t\t\t<\/div>\n\t\t\t\t\t\t<\/div>\n\t\t\t\t\t<\/div>\n\t\t<\/div>\n\t\t\t\t\t\t\t\t<\/div>\n\t\t\t\t\t<\/div>\n\t\t<\/section>\n\t\t\t\t\t\t\t\t\t<\/div>\n\t\t\t<\/div>\n\t\t\t\t\t<\/div>\n\t\t","protected":false},"excerpt":{"rendered":"<p>Tutte le 50 giurisdizioni degli Stati Uniti potranno o meno limitare l&#8217;aborto. La Corte Suprema degli Stati Uniti, il pi\u00f9 alto organo del Paese, ha deciso di revocare il diritto costituzionale all&#8217;aborto, lasciando agli Stati membri la decisione dell&#8217;interruzione della gravidanza. La votazione si \u00e8 svolta venerd\u00ec 24 giugno con una sentenza di maggioranza di [&hellip;]<\/p>\n","protected":false},"author":1,"featured_media":6178,"comment_status":"open","ping_status":"open","sticky":false,"template":"","format":"standard","meta":[],"categories":[6],"tags":[],"_links":{"self":[{"href":"https:\/\/www.terciariascapuchinas.org\/it\/wp-json\/wp\/v2\/posts\/6171"}],"collection":[{"href":"https:\/\/www.terciariascapuchinas.org\/it\/wp-json\/wp\/v2\/posts"}],"about":[{"href":"https:\/\/www.terciariascapuchinas.org\/it\/wp-json\/wp\/v2\/types\/post"}],"author":[{"embeddable":true,"href":"https:\/\/www.terciariascapuchinas.org\/it\/wp-json\/wp\/v2\/users\/1"}],"replies":[{"embeddable":true,"href":"https:\/\/www.terciariascapuchinas.org\/it\/wp-json\/wp\/v2\/comments?post=6171"}],"version-history":[{"count":7,"href":"https:\/\/www.terciariascapuchinas.org\/it\/wp-json\/wp\/v2\/posts\/6171\/revisions"}],"predecessor-version":[{"id":6190,"href":"https:\/\/www.terciariascapuchinas.org\/it\/wp-json\/wp\/v2\/posts\/6171\/revisions\/6190"}],"wp:featuredmedia":[{"embeddable":true,"href":"https:\/\/www.terciariascapuchinas.org\/it\/wp-json\/wp\/v2\/media\/6178"}],"wp:attachment":[{"href":"https:\/\/www.terciariascapuchinas.org\/it\/wp-json\/wp\/v2\/media?parent=6171"}],"wp:term":[{"taxonomy":"category","embeddable":true,"href":"https:\/\/www.terciariascapuchinas.org\/it\/wp-json\/wp\/v2\/categories?post=6171"},{"taxonomy":"post_tag","embeddable":true,"href":"https:\/\/www.terciariascapuchinas.org\/it\/wp-json\/wp\/v2\/tags?post=6171"}],"curies":[{"name":"wp","href":"https:\/\/api.w.org\/{rel}","templated":true}]}}