{"id":6172,"date":"2022-08-08T16:10:33","date_gmt":"2022-08-08T16:10:33","guid":{"rendered":"https:\/\/www.terciariascapuchinas.org\/it\/?p=6172"},"modified":"2022-08-08T16:15:47","modified_gmt":"2022-08-08T16:15:47","slug":"papa-francesco-ci-regala-un-testo-dedicato-alla-liturgia","status":"publish","type":"post","link":"https:\/\/www.terciariascapuchinas.org\/it\/papa-francesco-ci-regala-un-testo-dedicato-alla-liturgia\/","title":{"rendered":"Papa Francesco ci regala un testo dedicato alla liturgia"},"content":{"rendered":"\t\t<div data-elementor-type=\"wp-post\" data-elementor-id=\"6172\" class=\"elementor elementor-6172\">\n\t\t\t\t\t\t<div class=\"elementor-inner\">\n\t\t\t\t<div class=\"elementor-section-wrap\">\n\t\t\t\t\t\t\t\t\t<section class=\"elementor-section elementor-top-section elementor-element elementor-element-4f3ac69 elementor-section-boxed elementor-section-height-default elementor-section-height-default\" data-id=\"4f3ac69\" data-element_type=\"section\">\n\t\t\t\t\t\t<div class=\"elementor-container elementor-column-gap-default\">\n\t\t\t\t\t\t\t<div class=\"elementor-row\">\n\t\t\t\t\t<div class=\"elementor-column elementor-col-100 elementor-top-column elementor-element elementor-element-e855504\" data-id=\"e855504\" data-element_type=\"column\">\n\t\t\t<div class=\"elementor-column-wrap elementor-element-populated\">\n\t\t\t\t\t\t\t<div class=\"elementor-widget-wrap\">\n\t\t\t\t\t\t<div class=\"elementor-element elementor-element-ec282c9 elementor-widget elementor-widget-text-editor\" data-id=\"ec282c9\" data-element_type=\"widget\" data-widget_type=\"text-editor.default\">\n\t\t\t\t<div class=\"elementor-widget-container\">\n\t\t\t\t\t\t\t\t<div class=\"elementor-text-editor elementor-clearfix\">\n\t\t\t\t<p>Il 29 giugno \u00e8 stata pubblicata la Lettera apostolica di papa Francesco \u00abDesiderio desideravi\u00bb sulla formazione liturgica del popolo di Dio. Su Vaticano Notizie condividiamo la riflessione di Juan Manuel Sierra L\u00f3pez, Professore di Liturgia all&#8217;Universit\u00e0 Ecclesiastica di San D\u00e1maso di Madrid, Spagna.<\/p><p>La dichiarazione del Dicastero per il Culto Divino, che ha annunciato questo nuovo documento,\u00a0 lo ha presentato come una riflessione (meditazione) sulla bellezza della celebrazione liturgica. Bench\u00e9 il Dicastero ha avvertito, in precedenza, che a seguito del Motu proprio \u00abTraditionis custodes\u00bb, intende accrescere la comunione ecclesiale secondo i libri liturgici della riforma liturgica del Concilio Vaticano II.<\/p><p><strong>Struttura della Lettera apostolica \u201cDesiderio desideravi\u201d (Dd)<\/strong><\/p><p>Il tema che compare nella rubrica \u00e8: \u00abLa formazione liturgica del Popolo di Dio\u00bb. Il testo del Dd inizia con una breve introduzione (n. 1) dove il Papa spiega che dopo la \u201cTraditionis custodes\u201d vuole riflettere sulla liturgia.<\/p><p>Esprime pi\u00f9 chiaramente la sua intenzione nel numero 16, nel quale, tratta del senso teologico della liturgia, esattamente quando scrive: \u00abCon questa lettera [\u2026] vorrei semplicemente invitare tutta la Chiesa a riscoprire, custodire e vivere la verit\u00e0 e la forza della celebrazione cristiana\u00bb.<\/p><p>Ancora, nel numero 61, in conclusione, chiede che il popolo santo di Dio sia aiutato ad abbeverarsi alla fonte principale della spiritualit\u00e0 cristiana, riscoprendo i principi espressi nella Costituzione \u00abSacrosanctum Concilium\u00bb del Concilio Vaticano II sulla sacra liturgia.<\/p><p>E come tocco finale, nell&#8217;ultimo paragrafo della Lettera, il Papa chiede di abbandonare le controversie per ascoltare ci\u00f2 che lo Spirito dice alla Chiesa, mantenendo la comunione, l&#8217;ammirazione per la bellezza della liturgia, sotto lo sguardo di Maria.<\/p><p><strong>\u00a0<\/strong><strong>Fonte: Notizie Vaticano<\/strong><\/p>\t\t\t\t\t<\/div>\n\t\t\t\t\t\t<\/div>\n\t\t\t\t<\/div>\n\t\t\t\t\t\t<\/div>\n\t\t\t\t\t<\/div>\n\t\t<\/div>\n\t\t\t\t\t\t\t\t<\/div>\n\t\t\t\t\t<\/div>\n\t\t<\/section>\n\t\t\t\t\t\t\t\t\t<\/div>\n\t\t\t<\/div>\n\t\t\t\t\t<\/div>\n\t\t","protected":false},"excerpt":{"rendered":"<p>Il 29 giugno \u00e8 stata pubblicata la Lettera apostolica di papa Francesco \u00abDesiderio desideravi\u00bb sulla formazione liturgica del popolo di Dio. Su Vaticano Notizie condividiamo la riflessione di Juan Manuel Sierra L\u00f3pez, Professore di Liturgia all&#8217;Universit\u00e0 Ecclesiastica di San D\u00e1maso di Madrid, Spagna. La dichiarazione del Dicastero per il Culto Divino, che ha annunciato questo [&hellip;]<\/p>\n","protected":false},"author":1,"featured_media":6176,"comment_status":"open","ping_status":"open","sticky":false,"template":"","format":"standard","meta":[],"categories":[6],"tags":[],"_links":{"self":[{"href":"https:\/\/www.terciariascapuchinas.org\/it\/wp-json\/wp\/v2\/posts\/6172"}],"collection":[{"href":"https:\/\/www.terciariascapuchinas.org\/it\/wp-json\/wp\/v2\/posts"}],"about":[{"href":"https:\/\/www.terciariascapuchinas.org\/it\/wp-json\/wp\/v2\/types\/post"}],"author":[{"embeddable":true,"href":"https:\/\/www.terciariascapuchinas.org\/it\/wp-json\/wp\/v2\/users\/1"}],"replies":[{"embeddable":true,"href":"https:\/\/www.terciariascapuchinas.org\/it\/wp-json\/wp\/v2\/comments?post=6172"}],"version-history":[{"count":4,"href":"https:\/\/www.terciariascapuchinas.org\/it\/wp-json\/wp\/v2\/posts\/6172\/revisions"}],"predecessor-version":[{"id":6193,"href":"https:\/\/www.terciariascapuchinas.org\/it\/wp-json\/wp\/v2\/posts\/6172\/revisions\/6193"}],"wp:featuredmedia":[{"embeddable":true,"href":"https:\/\/www.terciariascapuchinas.org\/it\/wp-json\/wp\/v2\/media\/6176"}],"wp:attachment":[{"href":"https:\/\/www.terciariascapuchinas.org\/it\/wp-json\/wp\/v2\/media?parent=6172"}],"wp:term":[{"taxonomy":"category","embeddable":true,"href":"https:\/\/www.terciariascapuchinas.org\/it\/wp-json\/wp\/v2\/categories?post=6172"},{"taxonomy":"post_tag","embeddable":true,"href":"https:\/\/www.terciariascapuchinas.org\/it\/wp-json\/wp\/v2\/tags?post=6172"}],"curies":[{"name":"wp","href":"https:\/\/api.w.org\/{rel}","templated":true}]}}