{"id":6207,"date":"2022-09-05T14:40:12","date_gmt":"2022-09-05T14:40:12","guid":{"rendered":"https:\/\/www.terciariascapuchinas.org\/it\/?p=6207"},"modified":"2022-09-05T14:43:59","modified_gmt":"2022-09-05T14:43:59","slug":"acqua-e-fuoco-un-grido-della-madre-terra","status":"publish","type":"post","link":"https:\/\/www.terciariascapuchinas.org\/it\/acqua-e-fuoco-un-grido-della-madre-terra\/","title":{"rendered":"Acqua e fuoco, un grido della madre terra"},"content":{"rendered":"\t\t<div data-elementor-type=\"wp-post\" data-elementor-id=\"6207\" class=\"elementor elementor-6207\">\n\t\t\t\t\t\t<div class=\"elementor-inner\">\n\t\t\t\t<div class=\"elementor-section-wrap\">\n\t\t\t\t\t\t\t\t\t<section class=\"elementor-section elementor-top-section elementor-element elementor-element-370b65f elementor-section-boxed elementor-section-height-default elementor-section-height-default\" data-id=\"370b65f\" data-element_type=\"section\">\n\t\t\t\t\t\t<div class=\"elementor-container elementor-column-gap-default\">\n\t\t\t\t\t\t\t<div class=\"elementor-row\">\n\t\t\t\t\t<div class=\"elementor-column elementor-col-100 elementor-top-column elementor-element elementor-element-2522a65\" data-id=\"2522a65\" data-element_type=\"column\">\n\t\t\t<div class=\"elementor-column-wrap elementor-element-populated\">\n\t\t\t\t\t\t\t<div class=\"elementor-widget-wrap\">\n\t\t\t\t\t\t<div class=\"elementor-element elementor-element-ebbaf3f elementor-widget elementor-widget-text-editor\" data-id=\"ebbaf3f\" data-element_type=\"widget\" data-widget_type=\"text-editor.default\">\n\t\t\t\t<div class=\"elementor-widget-container\">\n\t\t\t\t\t\t\t\t<div class=\"elementor-text-editor elementor-clearfix\">\n\t\t\t\t<p>Il 1\u00b0 settembre abbiamo celebrato la XVII Giornata Mondiale di Preghiera per la cura del creato e in questa data abbiamo iniziato il Tempo de la Creazione di quest\u2019anno che culminer\u00e0 il 4 ottobre con la festa di San Francesco d&#8217;Assisi.<\/p><p>Nel suo messaggio, papa Francesco, facendo riferimento anche ai suoi predecessori, c\u2019invita a vivere questo tempo come un&#8217;opportunit\u00e0 per coltivare la nostra conversione ecologica e, cos\u00ec, rispondere a quella che gi\u00e0 papa Paolo VI chiamava catastrofe ecologica.<\/p><p>Questo 2022, Tempo della Creazione, acquista un significato particolare, soprattutto nelle zone dell&#8217;emisfero settentrionale del pianeta colpite, in questi mesi estivi, dal caldo torrido, dalla grave siccit\u00e0 e dai danni causati dai numerosi incendi che hanno distrutto ettari e ettari di aree verdi e coltivate, provocando enormi danni a persone e cose. D&#8217;altra parte, nei luoghi dove \u00e8 giunta la perturbazione atmosferica portata dalla pioggia, si sono verificati ingenti danni causati dalla caduta torrenziale d&#8217;acqua che, penetrando in terreni impermeabilizzati dalla siccit\u00e0, ha proseguito il suo corso prorompendosi violentemente su quanto trovava davanti.<\/p><p>Ai danni provocati dall&#8217;acqua, sia per la sua assenza che per la sua abbondanza, si sono aggiunti quelli causati dagli incendi che, purtroppo, sono stati spesso provocati dall&#8217;incuria dell&#8217;uomo.<\/p><p>Dopo una pandemia non ancora superata, l&#8217;umanit\u00e0 continua a vivere esperienze di dolore che a volte sono l&#8217;effetto del corso naturale della vita sul pianeta, che l&#8217;uomo non pu\u00f2 controllare, come la siccit\u00e0 o le inondazioni, ma, altre volte causate dall&#8217;aggressivit\u00e0 di coloro che rimangono insensibili difronte al \u00abcoro di grida amare\u201d che sale sia dalla Terra che dall&#8217;umanit\u00e0. Spesso si continua a trascurare anche \u00a0il grande tesoro riposto nelle nostre mani da parte del Creatore. Possa questa nuova esperienza di dolore aiutare gli uomini a unire le forze per saldare il \u00abdebito ecologico\u00bb che abbiamo contratto maltrattando la terra con i nostri stili di vita non sempre rispettosi della creazione.<\/p>\t\t\t\t\t<\/div>\n\t\t\t\t\t\t<\/div>\n\t\t\t\t<\/div>\n\t\t\t\t\t\t<\/div>\n\t\t\t\t\t<\/div>\n\t\t<\/div>\n\t\t\t\t\t\t\t\t<\/div>\n\t\t\t\t\t<\/div>\n\t\t<\/section>\n\t\t\t\t\t\t\t\t\t<\/div>\n\t\t\t<\/div>\n\t\t\t\t\t<\/div>\n\t\t","protected":false},"excerpt":{"rendered":"<p>Il 1\u00b0 settembre abbiamo celebrato la XVII Giornata Mondiale di Preghiera per la cura del creato e in questa data abbiamo iniziato il Tempo de la Creazione di quest\u2019anno che culminer\u00e0 il 4 ottobre con la festa di San Francesco d&#8217;Assisi. Nel suo messaggio, papa Francesco, facendo riferimento anche ai suoi predecessori, c\u2019invita a vivere [&hellip;]<\/p>\n","protected":false},"author":1,"featured_media":6212,"comment_status":"open","ping_status":"open","sticky":false,"template":"","format":"standard","meta":[],"categories":[6],"tags":[],"_links":{"self":[{"href":"https:\/\/www.terciariascapuchinas.org\/it\/wp-json\/wp\/v2\/posts\/6207"}],"collection":[{"href":"https:\/\/www.terciariascapuchinas.org\/it\/wp-json\/wp\/v2\/posts"}],"about":[{"href":"https:\/\/www.terciariascapuchinas.org\/it\/wp-json\/wp\/v2\/types\/post"}],"author":[{"embeddable":true,"href":"https:\/\/www.terciariascapuchinas.org\/it\/wp-json\/wp\/v2\/users\/1"}],"replies":[{"embeddable":true,"href":"https:\/\/www.terciariascapuchinas.org\/it\/wp-json\/wp\/v2\/comments?post=6207"}],"version-history":[{"count":4,"href":"https:\/\/www.terciariascapuchinas.org\/it\/wp-json\/wp\/v2\/posts\/6207\/revisions"}],"predecessor-version":[{"id":6220,"href":"https:\/\/www.terciariascapuchinas.org\/it\/wp-json\/wp\/v2\/posts\/6207\/revisions\/6220"}],"wp:featuredmedia":[{"embeddable":true,"href":"https:\/\/www.terciariascapuchinas.org\/it\/wp-json\/wp\/v2\/media\/6212"}],"wp:attachment":[{"href":"https:\/\/www.terciariascapuchinas.org\/it\/wp-json\/wp\/v2\/media?parent=6207"}],"wp:term":[{"taxonomy":"category","embeddable":true,"href":"https:\/\/www.terciariascapuchinas.org\/it\/wp-json\/wp\/v2\/categories?post=6207"},{"taxonomy":"post_tag","embeddable":true,"href":"https:\/\/www.terciariascapuchinas.org\/it\/wp-json\/wp\/v2\/tags?post=6207"}],"curies":[{"name":"wp","href":"https:\/\/api.w.org\/{rel}","templated":true}]}}