{"id":6229,"date":"2022-09-05T14:47:44","date_gmt":"2022-09-05T14:47:44","guid":{"rendered":"https:\/\/www.terciariascapuchinas.org\/it\/?p=6229"},"modified":"2022-09-05T14:52:56","modified_gmt":"2022-09-05T14:52:56","slug":"la-difesa-della-vita","status":"publish","type":"post","link":"https:\/\/www.terciariascapuchinas.org\/it\/la-difesa-della-vita\/","title":{"rendered":"La difesa della vita"},"content":{"rendered":"\t\t<div data-elementor-type=\"wp-post\" data-elementor-id=\"6229\" class=\"elementor elementor-6229\">\n\t\t\t\t\t\t<div class=\"elementor-inner\">\n\t\t\t\t<div class=\"elementor-section-wrap\">\n\t\t\t\t\t\t\t\t\t<section class=\"elementor-section elementor-top-section elementor-element elementor-element-f22c403 elementor-section-boxed elementor-section-height-default elementor-section-height-default\" data-id=\"f22c403\" data-element_type=\"section\">\n\t\t\t\t\t\t<div class=\"elementor-container elementor-column-gap-default\">\n\t\t\t\t\t\t\t<div class=\"elementor-row\">\n\t\t\t\t\t<div class=\"elementor-column elementor-col-100 elementor-top-column elementor-element elementor-element-3dd181d\" data-id=\"3dd181d\" data-element_type=\"column\">\n\t\t\t<div class=\"elementor-column-wrap elementor-element-populated\">\n\t\t\t\t\t\t\t<div class=\"elementor-widget-wrap\">\n\t\t\t\t\t\t<div class=\"elementor-element elementor-element-a9ee7ac elementor-widget elementor-widget-text-editor\" data-id=\"a9ee7ac\" data-element_type=\"widget\" data-widget_type=\"text-editor.default\">\n\t\t\t\t<div class=\"elementor-widget-container\">\n\t\t\t\t\t\t\t\t<div class=\"elementor-text-editor elementor-clearfix\">\n\t\t\t\t<p>Un giorno mi stavo divertendo con il cellulare guardando una rivista, quando un articolo\u00a0 attir\u00f2 la mia attenzione, dal titolo: Qual \u00e8 il rumore pi\u00f9 insopportabile del mondo? Cliccai sul link pensando gi\u00e0 a qualche rumore che personalmente mi dava fastidio e quale fu la mia sorpresa, che \u201csecondo uno studio scientifico, il rumore pi\u00f9 insopportabile del mondo \u00e8 il pianto di un bambino tra i due anni e mezzo e i quattro, che disturba in modo indifferente sia gli \u00a0uomini che le donne, celibi o sposati, adulti o bambini\u201d (cfr Rosemarie Sokol Chang e Nicholas Thompson, psicologi).<\/p><p>Cosi, facendo una mia rilettura, rimasi contenta che, come specie, ci preoccupiamo e ci disturba il pianto di un bambino, oltre ad avere un istinto protettivo che ci chiama a calmare o soddisfare i suoi bisogni, ma, anche per far parte della grande famiglia dell&#8217;umanit\u00e0 dove ognuno di noi, senza distinzione di razza, lingua, popolo o nazione, ha l&#8217;istinto \u00a0comune di prenderci cura della vita, essendo questo dono di Dio-Padre che ci ha creati a sua immagine e somiglianza (cfr. Gn 1,27).<\/p><p>In questo tempo, in cui il buio e le ombre della morte si annidano perversamente attraverso la guerra, la violenza, la tratta di esseri umani, le dittature politiche, economiche, energetiche e consumistiche le quali, insieme al cambiamento climatico e alla mancanza di solidariet\u00e0, fanno che una persona al mondo su nove soffre la fame (ONU), Dio stesso ci viene incontro,\u00a0 prende l&#8217;iniziativa e suscita nel cuore di ogni persona atteggiamenti che generano vita. Dio- Padre vede l&#8217;afflizione del suo popolo, il clamore che gli estorcono i suoi oppressori e ne conosce l&#8217;angoscia e dice a ciascuno di noi: \u00abAndate, allora; ti mando a portare fuori dall&#8217;oppressione il mio popolo. Io sar\u00f2 con voi\u00bb (cfr Gn 3, 7 ss).<\/p><p>In modo semplice e profondo, papa Francesco, con la sua testimonianza misericordiosa, afferma che la vita, dono di Dio, va sempre difeso e protetto: \u00abGli uomini e le donne di preghiera custodiscono le verit\u00e0 fondamentali: ripetono a tutti che questa vita, nonostante le sue fatiche, le sue prove e i suoi giorni difficili, \u00e8 piena di una grazia che stupisce. E come tale va sempre difesa e protetta\u00bb (cfr Papa Francesco (@Pontifex es) \/ Twitter).<\/p><p>Sta a ciascuno di noi accettare o rifiutare questa missione, coltivare lo sguardo di un cuore grato, guardare con gli occhi di Ges\u00f9 i piccoli e grandi gesti di tante persone che si prendono cura e generano vita intorno a noi. Importante \u00e8 lasciarci toccare e interrogare dalla loro testimonianza come padri e madri di famiglia, figli e figlie, operatori sanitari, professionisti dell&#8217;educazione, dei servizi sociali e pubblici, uomini d&#8217;affari&#8230; ognuno di noi unito a Colui che \u00e8 Fonte della Vita Eterna, alimentiamo e facciamo fluire attorno a noi \u00a0attraverso atteggiamenti di servizio, cura, gentilezza, rispetto, interesse, ascolto, gioia, generosit\u00e0 e perdono, la vita.<\/p><p>Sappiamo bene che \u00e8 una goccia d&#8217;acqua in un oceano immenso, insignificante nella sua individualit\u00e0, ma necessaria \u00abperch\u00e9 questo \u00e8 il tempo favorevole, questo \u00e8 il giorno della salvezza\u00bb (cfr. 2 Cor 6, 2).<\/p><p><em><strong>Sr. Eva Maria Salvador Aspas, Tc<\/strong><\/em><\/p>\t\t\t\t\t<\/div>\n\t\t\t\t\t\t<\/div>\n\t\t\t\t<\/div>\n\t\t\t\t\t\t<\/div>\n\t\t\t\t\t<\/div>\n\t\t<\/div>\n\t\t\t\t\t\t\t\t<\/div>\n\t\t\t\t\t<\/div>\n\t\t<\/section>\n\t\t\t\t\t\t\t\t\t<\/div>\n\t\t\t<\/div>\n\t\t\t\t\t<\/div>\n\t\t","protected":false},"excerpt":{"rendered":"<p>Un giorno mi stavo divertendo con il cellulare guardando una rivista, quando un articolo\u00a0 attir\u00f2 la mia attenzione, dal titolo: Qual \u00e8 il rumore pi\u00f9 insopportabile del mondo? Cliccai sul link pensando gi\u00e0 a qualche rumore che personalmente mi dava fastidio e quale fu la mia sorpresa, che \u201csecondo uno studio scientifico, il rumore pi\u00f9 [&hellip;]<\/p>\n","protected":false},"author":1,"featured_media":6213,"comment_status":"open","ping_status":"open","sticky":false,"template":"","format":"standard","meta":[],"categories":[49],"tags":[],"_links":{"self":[{"href":"https:\/\/www.terciariascapuchinas.org\/it\/wp-json\/wp\/v2\/posts\/6229"}],"collection":[{"href":"https:\/\/www.terciariascapuchinas.org\/it\/wp-json\/wp\/v2\/posts"}],"about":[{"href":"https:\/\/www.terciariascapuchinas.org\/it\/wp-json\/wp\/v2\/types\/post"}],"author":[{"embeddable":true,"href":"https:\/\/www.terciariascapuchinas.org\/it\/wp-json\/wp\/v2\/users\/1"}],"replies":[{"embeddable":true,"href":"https:\/\/www.terciariascapuchinas.org\/it\/wp-json\/wp\/v2\/comments?post=6229"}],"version-history":[{"count":4,"href":"https:\/\/www.terciariascapuchinas.org\/it\/wp-json\/wp\/v2\/posts\/6229\/revisions"}],"predecessor-version":[{"id":6237,"href":"https:\/\/www.terciariascapuchinas.org\/it\/wp-json\/wp\/v2\/posts\/6229\/revisions\/6237"}],"wp:featuredmedia":[{"embeddable":true,"href":"https:\/\/www.terciariascapuchinas.org\/it\/wp-json\/wp\/v2\/media\/6213"}],"wp:attachment":[{"href":"https:\/\/www.terciariascapuchinas.org\/it\/wp-json\/wp\/v2\/media?parent=6229"}],"wp:term":[{"taxonomy":"category","embeddable":true,"href":"https:\/\/www.terciariascapuchinas.org\/it\/wp-json\/wp\/v2\/categories?post=6229"},{"taxonomy":"post_tag","embeddable":true,"href":"https:\/\/www.terciariascapuchinas.org\/it\/wp-json\/wp\/v2\/tags?post=6229"}],"curies":[{"name":"wp","href":"https:\/\/api.w.org\/{rel}","templated":true}]}}