{"id":6240,"date":"2022-10-09T14:57:23","date_gmt":"2022-10-09T14:57:23","guid":{"rendered":"https:\/\/www.terciariascapuchinas.org\/it\/?p=6240"},"modified":"2022-10-09T15:10:15","modified_gmt":"2022-10-09T15:10:15","slug":"il-papa-alle-sorelle-terziarie-cappuccine-siate-profetesse-dellascolto","status":"publish","type":"post","link":"https:\/\/www.terciariascapuchinas.org\/it\/il-papa-alle-sorelle-terziarie-cappuccine-siate-profetesse-dellascolto\/","title":{"rendered":"Il Papa alle Sorelle  Terziarie Cappuccine:  Siate profetesse  dell&#8217;ascolto"},"content":{"rendered":"\t\t<div data-elementor-type=\"wp-post\" data-elementor-id=\"6240\" class=\"elementor elementor-6240\">\n\t\t\t\t\t\t<div class=\"elementor-inner\">\n\t\t\t\t<div class=\"elementor-section-wrap\">\n\t\t\t\t\t\t\t\t\t<section class=\"elementor-section elementor-top-section elementor-element elementor-element-13e054f elementor-section-boxed elementor-section-height-default elementor-section-height-default\" data-id=\"13e054f\" data-element_type=\"section\">\n\t\t\t\t\t\t<div class=\"elementor-container elementor-column-gap-default\">\n\t\t\t\t\t\t\t<div class=\"elementor-row\">\n\t\t\t\t\t<div class=\"elementor-column elementor-col-100 elementor-top-column elementor-element elementor-element-825e57a\" data-id=\"825e57a\" data-element_type=\"column\">\n\t\t\t<div class=\"elementor-column-wrap elementor-element-populated\">\n\t\t\t\t\t\t\t<div class=\"elementor-widget-wrap\">\n\t\t\t\t\t\t<div class=\"elementor-element elementor-element-07e8bb2 elementor-widget elementor-widget-text-editor\" data-id=\"07e8bb2\" data-element_type=\"widget\" data-widget_type=\"text-editor.default\">\n\t\t\t\t<div class=\"elementor-widget-container\">\n\t\t\t\t\t\t\t\t<div class=\"elementor-text-editor elementor-clearfix\">\n\t\t\t\t<p>Nella mattinata di luned\u00ec 26 settembre, il Santo Padre ha ricevuto in Udienza le partecipanti al XXIII Capitolo Generale della Congregazione delle Sorelle Terziarie Cappuccine della Sacra Famiglia. Il Pontefice ha incoraggiato le sorelle ad \u201cessere sempre profezia di quella scuola del Vangelo che \u00e8 il cammino della salvezza per il mondo\u201d.<\/p><p>\u00abIl silenzio di Nazaret, coltivato dalla Sacra Famiglia, \u00a0v\u00b4insegni, nella vostra specifica vocazione di religiose, il raccoglimento e l&#8217;interiorit\u00e0, sempre pronte ad ascoltare le buone ispirazioni e la dottrina dei veri maestri, la necessit\u00e0 e il valore di una corretta formazione, fatta di studio e meditazione, di un&#8217;intensa vita interiore, e di una preghiera personale che solo Dio vede\u201d, ha detto Papa Francesco nel discorso alle Sorelle Capitolari della Congregazione delle Terziarie Cappuccine della Sacra Famiglia, che ha ricevuto in udienza nella Sala del Concistoro in Vaticano.<\/p><p><strong><em>Ascolto umile e in sinodalit\u00e0<\/em><\/strong><\/p><p><em>\u00a0<\/em>Nel suo intervento, il Santo Padre ha evidenziato lo spirito d\u00b4accoglienza e di fraternit\u00e0 universale delle sorelle. \u201cVedo con soddisfazione che venite da diversi parti del mondo, \u00e8 qualcosa di bello perch\u00e9 indica che vivete veramente uno spirito d\u00b4accoglienza e di fraternit\u00e0 universale, secondo il\u00a0 rapporto speciale che avete con la Sacra Famiglia\u201d. Allo stesso modo, il Pontefice ha evidenziato il motto scelto per il Capitolo Generale che ruotava attorno a due idee: ascolto umile e in sinodalit\u00e0. \u201cSono parole ispiratrici, che hanno radici profonde nella vita religiosa. Per ascoltare ci vuole prima di tutto silenzio, silenzio profondo, silenzio interiore\u201d.<\/p><p><strong><em>I nostri modi di vivere sono \u201cpieni di rumore\u201d<\/em><\/strong><\/p><p>In questo senso, papa Francesco, ricordando il discorso di san Paolo VI a Nazaret, ha detto che i nostri stessi modi di vivere sono \u00abpieni di rumore\u00bb, cerchiamo di trovare quello stimolo che riesca ad attirare l&#8217;attenzione dell&#8217;altro, che produca un risposta immediata. E per questo, alzare la voce, fisicamente o moralmente, si presenta come la soluzione per indurre la massa assordata a optare per una tua idea o opinione, sempre alla ricerca di un modo per rendere il tuo segnale pi\u00f9 attraente o pi\u00f9 sorprendente. \u201cCon sgomento \u2013 ha rimarcato il Pontefice \u2013 si scopre solitamente che coloro che erano stati convocati quasi subito si allontanano per andare alla rivendicazione di un grido ancora pi\u00f9 sconvolgente. Questo abbruttisce l&#8217;uomo, limita la sua libert\u00e0 a tal punto da renderlo schiavo di coloro che hanno la capacit\u00e0 di condizionare questi segnali, attraverso i media, l&#8217;educazione, l&#8217;opinione pubblica o la politica, imponendo cos\u00ec le loro agende\u201d.<\/p><p><strong><em>Vai contro quella corrente, cerca il silenzio<\/em><\/strong><\/p><p><em>\u00a0<\/em>Di fronte a questo mondo \u201cpieno di rumore\u201d, il Santo Padre ha detto che la profezia che Ges\u00f9 ci chiede \u00e8 proprio quella di andare contro corrente, \u00a0di cercare il silenzio, di separarci dal mondo e dal rumore. \u201cQuesto ci permetter\u00e0 di prestare attenzione e con pazienza artigianale identificare i diversi suoni, soppesarli e distinguerli. Cos\u00ec quel frastuono iniziale incomincer\u00e0 a prendere forma, ci\u00f2 che sembrava discordante potr\u00e0 essere compreso e localizzato, avr\u00e0 un nome, avr\u00e0 un volto. Nessuna nota sar\u00e0 troppo alta o troppo bassa, e nessun suono sar\u00e0 stridulo alle nostre orecchie se trover\u00e0 l&#8217;armonia che solo il nostro silenzio pu\u00f2 dargli.\u00bb E dico che solo il nostro silenzio pu\u00f2 dare, perch\u00e9 l&#8217;armonia si trova, non si impone.<\/p><p><strong><em>Combatti con l&#8217;umilt\u00e0 del nostro silenzio profetico<\/em><\/strong><\/p><p>E in questo cammino di ricerca del silenzio, papa Francesco ha avvertito che la tentazione \u00e8 quella di avere in testa una bella melodia, e rifiutare o far tacere ci\u00f2 che non \u00e8 in sintonia con essa. \u201cMa questo \u00e8 giudicare l&#8217;altro, mettersi al posto di Dio, decidere chi merita e chi non merita di stare li. \u00c8 una grande superbia, che va combattuta con l&#8217;umilt\u00e0 del nostro silenzio profetico. Se sono in grado di ascoltare in questo modo, potr\u00f2 anche udire chiaramente tutte le voci, capire il loro ordine, a cosa rispondono, cosa significano e perch\u00e9 lo dicono in quel modo, a volte cos\u00ec straziante\u201d.<\/p><p><strong><em>\u201cSiate profetesse di quell&#8217;ascolto\u201d<\/em><\/strong><\/p><p>Da qui l&#8217;invito del Santo Padre alle sorelle ad \u00abessere profetesse di quell&#8217;ascolto\u00bb, ascoltando anzitutto la voce di Dio, che le chiama ad amare tutti indistintamente, ad amare il creato come suo dono, a vederne la sua grandezza in tutti , come c\u00b4insegna san Francesco nel suo Cantico delle creature. Questa \u00e8 la melodia che prevale in modo naturale, poich\u00e9 \u00e8 l&#8217;essenza stessa di tutte le cose. In essa trovano senso anche il dolore, le tenebre, la morte, e anche il fratello in difficolt\u00e0, quello bisognoso di perdono, di redenzione e di una seconda possibilit\u00e0, possiamo comprendere le ragioni di chi la pensa diversamente da me, di chi mi contraddice, e persino il nostro stesso limite.<\/p><p><strong><em>Dal cacofonico si giunge al sinfonico<\/em><\/strong><\/p><p><em>\u00a0<\/em>Ed \u00e8 da questo silenzioso ascolto di Dio e dell&#8217;uomo, ha affermato papa Francesco, che dal cacofonico si arriva al sinfonico. Al \u201csin\u201d (\u03c3\u03c5\u03bd-) della sinodalit\u00e0, o ci\u00f2 che \u00e8 lo stesso, al camminare insieme (\u03c3\u03c5\u03bd -\u1f41\u03b4\u03bf\u03c2), all&#8217;essere un coro con un cuore e un&#8217;anima sola, anche se ci troviamo in tempi e situazioni diverse. \u00abNon \u00e8 un&#8217;utopia, se ci convinciamo davvero che alzare la voce non \u00e8 il cammino, che l&#8217;unico cammino \u00e8 Ges\u00f9. Non vi nascondo che \u00e8 il cammino della croce, dell&#8217;umilt\u00e0, della povert\u00e0 e del servizio. \u00c8 il cammino scelto da san Francesco, e dal vostro venerabile fondatore, Luigi Amig\u00f3 \u2013 ha precisato il Papa \u2013 che meditava ogni giorno la Passione, invitandovi ad abbracciare lo stile della piccolezza e della mortificazione come cammino del cielo\u201d.<\/p><p><strong><em>Sii sempre una profezia di quella scuola del Vangelo<\/em><\/strong><\/p><p>Infine, il Santo Padre incoraggi\u00f3 le sorelle che, come Pilato, difronte alla nuda Verit\u00e0, di chiediere con le parole di san Paolo VI, che il silenzio di Nazaret, che coltiv\u00f3 la Sacra Famiglia,\u00a0 insegni loro, nella loro specifica vocazione di sorelle, \u00abil raccoglimento e l&#8217;interiorit\u00e0, ad essere sempre disposte ad ascoltare le buone ispirazioni e la dottrina dei veri maestri, la necessit\u00e0 e il valore di una opportuna formazione, dello studio, della meditazione, di una vita interiore intensa, della preghiera personale che solo Dio vede\u00bb, affinch\u00e9 siano sempre profezia di quella scuola del Vangelo che \u00e8 il cammino di salvezza per il mondo.<\/p><p><strong>Renato Martinez \u2013 Citt\u00e0 del Vaticano<\/strong><\/p><p>FONTE: Vatican News<\/p>\t\t\t\t\t<\/div>\n\t\t\t\t\t\t<\/div>\n\t\t\t\t<\/div>\n\t\t\t\t<div class=\"elementor-element elementor-element-a61b206 elementor-widget elementor-widget-image\" data-id=\"a61b206\" data-element_type=\"widget\" data-widget_type=\"image.default\">\n\t\t\t\t<div class=\"elementor-widget-container\">\n\t\t\t\t\t\t\t\t<div class=\"elementor-image\">\n\t\t\t\t\t\t\t\t\t\t\t\t<img width=\"1500\" height=\"844\" src=\"https:\/\/www.terciariascapuchinas.org\/it\/wp-content\/uploads\/2022\/10\/cq5dam.thumbnail.cropped.1500.844-1.jpeg\" class=\"attachment-full size-full\" alt=\"\" loading=\"lazy\" srcset=\"https:\/\/www.terciariascapuchinas.org\/it\/wp-content\/uploads\/2022\/10\/cq5dam.thumbnail.cropped.1500.844-1.jpeg 1500w, https:\/\/www.terciariascapuchinas.org\/it\/wp-content\/uploads\/2022\/10\/cq5dam.thumbnail.cropped.1500.844-1-300x169.jpeg 300w, https:\/\/www.terciariascapuchinas.org\/it\/wp-content\/uploads\/2022\/10\/cq5dam.thumbnail.cropped.1500.844-1-1024x576.jpeg 1024w, https:\/\/www.terciariascapuchinas.org\/it\/wp-content\/uploads\/2022\/10\/cq5dam.thumbnail.cropped.1500.844-1-768x432.jpeg 768w, https:\/\/www.terciariascapuchinas.org\/it\/wp-content\/uploads\/2022\/10\/cq5dam.thumbnail.cropped.1500.844-1-1200x675.jpeg 1200w\" sizes=\"(max-width: 1500px) 100vw, 1500px\" \/>\t\t\t\t\t\t\t\t\t\t\t\t\t\t<\/div>\n\t\t\t\t\t\t<\/div>\n\t\t\t\t<\/div>\n\t\t\t\t\t\t<\/div>\n\t\t\t\t\t<\/div>\n\t\t<\/div>\n\t\t\t\t\t\t\t\t<\/div>\n\t\t\t\t\t<\/div>\n\t\t<\/section>\n\t\t\t\t\t\t\t\t\t<\/div>\n\t\t\t<\/div>\n\t\t\t\t\t<\/div>\n\t\t","protected":false},"excerpt":{"rendered":"<p>Nella mattinata di luned\u00ec 26 settembre, il Santo Padre ha ricevuto in Udienza le partecipanti al XXIII Capitolo Generale della Congregazione delle Sorelle Terziarie Cappuccine della Sacra Famiglia. Il Pontefice ha incoraggiato le sorelle ad \u201cessere sempre profezia di quella scuola del Vangelo che \u00e8 il cammino della salvezza per il mondo\u201d. \u00abIl silenzio di [&hellip;]<\/p>\n","protected":false},"author":1,"featured_media":6246,"comment_status":"open","ping_status":"open","sticky":false,"template":"","format":"standard","meta":[],"categories":[6],"tags":[],"_links":{"self":[{"href":"https:\/\/www.terciariascapuchinas.org\/it\/wp-json\/wp\/v2\/posts\/6240"}],"collection":[{"href":"https:\/\/www.terciariascapuchinas.org\/it\/wp-json\/wp\/v2\/posts"}],"about":[{"href":"https:\/\/www.terciariascapuchinas.org\/it\/wp-json\/wp\/v2\/types\/post"}],"author":[{"embeddable":true,"href":"https:\/\/www.terciariascapuchinas.org\/it\/wp-json\/wp\/v2\/users\/1"}],"replies":[{"embeddable":true,"href":"https:\/\/www.terciariascapuchinas.org\/it\/wp-json\/wp\/v2\/comments?post=6240"}],"version-history":[{"count":10,"href":"https:\/\/www.terciariascapuchinas.org\/it\/wp-json\/wp\/v2\/posts\/6240\/revisions"}],"predecessor-version":[{"id":6277,"href":"https:\/\/www.terciariascapuchinas.org\/it\/wp-json\/wp\/v2\/posts\/6240\/revisions\/6277"}],"wp:featuredmedia":[{"embeddable":true,"href":"https:\/\/www.terciariascapuchinas.org\/it\/wp-json\/wp\/v2\/media\/6246"}],"wp:attachment":[{"href":"https:\/\/www.terciariascapuchinas.org\/it\/wp-json\/wp\/v2\/media?parent=6240"}],"wp:term":[{"taxonomy":"category","embeddable":true,"href":"https:\/\/www.terciariascapuchinas.org\/it\/wp-json\/wp\/v2\/categories?post=6240"},{"taxonomy":"post_tag","embeddable":true,"href":"https:\/\/www.terciariascapuchinas.org\/it\/wp-json\/wp\/v2\/tags?post=6240"}],"curies":[{"name":"wp","href":"https:\/\/api.w.org\/{rel}","templated":true}]}}