{"id":6248,"date":"2022-10-09T14:57:03","date_gmt":"2022-10-09T14:57:03","guid":{"rendered":"https:\/\/www.terciariascapuchinas.org\/it\/?p=6248"},"modified":"2022-10-09T15:00:13","modified_gmt":"2022-10-09T15:00:13","slug":"ottobre-mese-dedicato-alle-missioni","status":"publish","type":"post","link":"https:\/\/www.terciariascapuchinas.org\/it\/ottobre-mese-dedicato-alle-missioni\/","title":{"rendered":"Ottobre: Mese dedicato alle missioni"},"content":{"rendered":"\t\t<div data-elementor-type=\"wp-post\" data-elementor-id=\"6248\" class=\"elementor elementor-6248\">\n\t\t\t\t\t\t<div class=\"elementor-inner\">\n\t\t\t\t<div class=\"elementor-section-wrap\">\n\t\t\t\t\t\t\t\t\t<section class=\"elementor-section elementor-top-section elementor-element elementor-element-5a69200 elementor-section-boxed elementor-section-height-default elementor-section-height-default\" data-id=\"5a69200\" data-element_type=\"section\">\n\t\t\t\t\t\t<div class=\"elementor-container elementor-column-gap-default\">\n\t\t\t\t\t\t\t<div class=\"elementor-row\">\n\t\t\t\t\t<div class=\"elementor-column elementor-col-100 elementor-top-column elementor-element elementor-element-8ba1ed3\" data-id=\"8ba1ed3\" data-element_type=\"column\">\n\t\t\t<div class=\"elementor-column-wrap elementor-element-populated\">\n\t\t\t\t\t\t\t<div class=\"elementor-widget-wrap\">\n\t\t\t\t\t\t<div class=\"elementor-element elementor-element-5ce03f1 elementor-widget elementor-widget-text-editor\" data-id=\"5ce03f1\" data-element_type=\"widget\" data-widget_type=\"text-editor.default\">\n\t\t\t\t<div class=\"elementor-widget-container\">\n\t\t\t\t\t\t\t\t<div class=\"elementor-text-editor elementor-clearfix\">\n\t\t\t\t<p>La Chiesa cattolica celebra le Missioni nel mese d\u00b4ottobre, poich\u00e9 in questo mese fu scoperto il continente americano, aprendo cos\u00ec una nuova pagina nella storia dell&#8217;evangelizzazione. Questo dovrebbe essere considerato in tutti i paesi come il mese della missione universale. La penultima domenica d\u00b4ottobre \u00e8 stata proclamata come la Giornata Missionaria Mondiale (DOMUND), e costituisce il punto culmine dell&#8217;azione della Chiesa sia per le vocazioni che per le missioni.<\/p><p>L\u00b4obiettivo principale dell&#8217;ottobre missionario \u00e8 promuovere lo spirito missionario in tutta la Chiesa, oltre ad avere un impegno concreto per le missioni, sia con quelle che si svolgono nel nostro Paese che con quelle che si realizzano nelle altre parti del mondo.<\/p><p>Durante l&#8217;ottobre missionario per esprimere la fraternit\u00e0 e la solidariet\u00e0 universale, si realizza anche una RACCOLTA FONDI PER LE MISSIONI MONDIALI, attivit\u00e0 predominante in tutte le diocesi, parrocchie e istituzioni cattoliche del nostro Paese, che si unisce a quella realizzata in tutto il resto del mondo.<\/p><p>Per tutto il mese missionario, la preghiera e il sostegno materiale cercano di rispondere alle necessit\u00e0 che soffrono tante persone e popolazioni in tutto il mondo, poich\u00e8 sorgono svariati bisogni sia materiali che spirituali ed \u00e8 compito nostro e delle nostre famiglie cercare di dare una parte di ci\u00f2 che abbiamo a chi si trova in difficolt\u00e0.<\/p><p>Ce lo ricorda insistentemente Papa Francesco nel suo messaggio per questo mese dedicato alle missioni: \u00abAffinch\u00e9 siate miei testimoni\u00bb (At 1,8)<\/p><p><strong>FONTE: Colegiocentral.edu.mx\/<\/strong><\/p>\t\t\t\t\t<\/div>\n\t\t\t\t\t\t<\/div>\n\t\t\t\t<\/div>\n\t\t\t\t\t\t<\/div>\n\t\t\t\t\t<\/div>\n\t\t<\/div>\n\t\t\t\t\t\t\t\t<\/div>\n\t\t\t\t\t<\/div>\n\t\t<\/section>\n\t\t\t\t\t\t\t\t\t<\/div>\n\t\t\t<\/div>\n\t\t\t\t\t<\/div>\n\t\t","protected":false},"excerpt":{"rendered":"<p>La Chiesa cattolica celebra le Missioni nel mese d\u00b4ottobre, poich\u00e9 in questo mese fu scoperto il continente americano, aprendo cos\u00ec una nuova pagina nella storia dell&#8217;evangelizzazione. Questo dovrebbe essere considerato in tutti i paesi come il mese della missione universale. La penultima domenica d\u00b4ottobre \u00e8 stata proclamata come la Giornata Missionaria Mondiale (DOMUND), e costituisce [&hellip;]<\/p>\n","protected":false},"author":1,"featured_media":6243,"comment_status":"open","ping_status":"open","sticky":false,"template":"","format":"standard","meta":[],"categories":[6],"tags":[],"_links":{"self":[{"href":"https:\/\/www.terciariascapuchinas.org\/it\/wp-json\/wp\/v2\/posts\/6248"}],"collection":[{"href":"https:\/\/www.terciariascapuchinas.org\/it\/wp-json\/wp\/v2\/posts"}],"about":[{"href":"https:\/\/www.terciariascapuchinas.org\/it\/wp-json\/wp\/v2\/types\/post"}],"author":[{"embeddable":true,"href":"https:\/\/www.terciariascapuchinas.org\/it\/wp-json\/wp\/v2\/users\/1"}],"replies":[{"embeddable":true,"href":"https:\/\/www.terciariascapuchinas.org\/it\/wp-json\/wp\/v2\/comments?post=6248"}],"version-history":[{"count":4,"href":"https:\/\/www.terciariascapuchinas.org\/it\/wp-json\/wp\/v2\/posts\/6248\/revisions"}],"predecessor-version":[{"id":6254,"href":"https:\/\/www.terciariascapuchinas.org\/it\/wp-json\/wp\/v2\/posts\/6248\/revisions\/6254"}],"wp:featuredmedia":[{"embeddable":true,"href":"https:\/\/www.terciariascapuchinas.org\/it\/wp-json\/wp\/v2\/media\/6243"}],"wp:attachment":[{"href":"https:\/\/www.terciariascapuchinas.org\/it\/wp-json\/wp\/v2\/media?parent=6248"}],"wp:term":[{"taxonomy":"category","embeddable":true,"href":"https:\/\/www.terciariascapuchinas.org\/it\/wp-json\/wp\/v2\/categories?post=6248"},{"taxonomy":"post_tag","embeddable":true,"href":"https:\/\/www.terciariascapuchinas.org\/it\/wp-json\/wp\/v2\/tags?post=6248"}],"curies":[{"name":"wp","href":"https:\/\/api.w.org\/{rel}","templated":true}]}}