{"id":6256,"date":"2022-10-09T15:04:42","date_gmt":"2022-10-09T15:04:42","guid":{"rendered":"https:\/\/www.terciariascapuchinas.org\/it\/?p=6256"},"modified":"2022-10-09T15:06:47","modified_gmt":"2022-10-09T15:06:47","slug":"una-icona-che-parla","status":"publish","type":"post","link":"https:\/\/www.terciariascapuchinas.org\/it\/una-icona-che-parla\/","title":{"rendered":"Una icona che parla"},"content":{"rendered":"\t\t<div data-elementor-type=\"wp-post\" data-elementor-id=\"6256\" class=\"elementor elementor-6256\">\n\t\t\t\t\t\t<div class=\"elementor-inner\">\n\t\t\t\t<div class=\"elementor-section-wrap\">\n\t\t\t\t\t\t\t\t\t<section class=\"elementor-section elementor-top-section elementor-element elementor-element-939291a elementor-section-boxed elementor-section-height-default elementor-section-height-default\" data-id=\"939291a\" data-element_type=\"section\">\n\t\t\t\t\t\t<div class=\"elementor-container elementor-column-gap-default\">\n\t\t\t\t\t\t\t<div class=\"elementor-row\">\n\t\t\t\t\t<div class=\"elementor-column elementor-col-100 elementor-top-column elementor-element elementor-element-13f84fd\" data-id=\"13f84fd\" data-element_type=\"column\">\n\t\t\t<div class=\"elementor-column-wrap elementor-element-populated\">\n\t\t\t\t\t\t\t<div class=\"elementor-widget-wrap\">\n\t\t\t\t\t\t<div class=\"elementor-element elementor-element-aa7cfa5 elementor-widget elementor-widget-text-editor\" data-id=\"aa7cfa5\" data-element_type=\"widget\" data-widget_type=\"text-editor.default\">\n\t\t\t\t<div class=\"elementor-widget-container\">\n\t\t\t\t\t\t\t\t<div class=\"elementor-text-editor elementor-clearfix\">\n\t\t\t\t<p><strong>L\u2019Incontro di Francesco con il Crocifisso di San Damiano<\/strong><\/p><p><strong>Introduzione<\/strong><\/p><p><strong>\u00a0<\/strong>L&#8217;icona del crocifisso di San Damiano ha avuto grande diffusione nella piet\u00e0 cattolica, in qualsiasi negozio o litografia \u00e8 facile reperirla, sicuramente il suo formato e colore la rendono particolarmente attraente. All&#8217;improvviso la trovi appesa nell&#8217;ufficio di un dirigente di banca o nella sala d&#8217;attesa di uno studio medico, o semplicemente come arredamento oppure per devozione.<\/p><p>Voglio condividere con voi una breve riflessione sull&#8217;incontro tra san Francesco e il Cristo di San Damiano all&#8217;inizio del nostro cammino, riflessione spirituale, che ho avuto l&#8217;audacia di intitolare \u201cUn&#8217;icona che parla\u201d.<\/p><p>Gli studiosi dell&#8217;icona di San Damiano collocano la sua origine nel X o XI secolo, molto probabilmente dipinta da un monaco vissuto in Umbria. Realizzare un&#8217;icona richiede un enorme senso di contemplazione, preghiera e misticismo sulla figura da dipingere.<\/p><p>Un&#8217;icona \u00e8 dipinta essenzialmente per essere contemplata, nell\u2019icona di San Damiano, la prima cosa che \u00a0richiama l\u2019attenzione, \u00e8 la figura di un Cristo crocifisso risorto, con degli enormi occhi aperti e la grande luminosit\u00e0 dei colori nei personaggi che lo accompagnano. Colori che contrastano con lo sfondo nero che nell&#8217;iconografia del tempo significava morte, il rosso indicava la divinit\u00e0, l\u2019oro rappresentava l&#8217;eternit\u00e0, il blu e il verde rimandavano al mondo e allo scorrere della storia umana.<\/p><p>Questo incontro di Francesco con un&#8217;icona che parla al cuore da una chiesa il cui tetto sta crollando, \u00e8 un evento fondante per il carisma francescano. Francesco, in precedenza aveva gi\u00e0 avuto due altri incontri importanti, uno, con se stesso durante la malattia e la solitudine e l\u2019altro con il lebbroso, fuori dalle mura e lungo la strada.<\/p><p>L&#8217;ordine degli incontri riflette l&#8217;evidente centralit\u00e0 che ha l&#8217;essere umano nella spiritualit\u00e0 francescana, collogandolo soprattutto in contesti di emarginazione. Per quanto riguarda gli incontri, vale la pena ricordare l&#8217;importanza che ha questo tema nel magistero di papa Francesco quando parla della <em>cultura dell&#8217;incontro.<\/em><\/p><p>Dalla Laudato Si&#8217; alla Fratelli Tutti, non c&#8217;\u00e8 dubbio, come spiega il Papa, che tutto \u00e8 correlato e tutti siamo fratelli e sorelle in questo meraviglioso pellegrinaggio che \u00e8 la vita, vincolati \u00a0\u00a0\u00a0dall&#8217;amore che Dio ha per ciascuna delle sue creature, amore che \u00a0ci unisce con tenero affetto, a fratello sole, a sorella luna, a fratello fiume e alla madre terra\u00bb (LS, 92). Anche se consapevoli, che non \u00e8 possibile accentuare un incontro, trascurandone o ignorandone un altro, o peggio ancora interrompendolo, creando cosi una frattura interna che potrebbe portare addirittura alla morte.<\/p><p>Nella spiritualit\u00e0 francescana \u00e8 evidente il rapporto che esiste tra: <em>incontro, riparazione e cura<\/em>, tre temi questi che, riflettono molto bene un profondo senso materno il quale, \u00e8 in grado di stabilire qual\u2019\u00e8 la missione, che pu\u00f3 essere compiuta solo da chi realizza \u00a0veramente una integrale conversione, ecologica e pastorale.<\/p><p>Per vivere la vocazione francescana, oltre ad una conversione olistica, bisogna camminare verso un rinnovamento dei sensi, verso una nuova comprensione delle relazioni in chiave di vita, apertura mentale e disponibilit\u00e0 del cuore, larghezza \u00a0che conduce oltre le anguste mura istituzionali, di autoreferenzialit\u00e0 che impoveriscono e immobilizzano.<\/p><p>Con urgenza bisogna tornare al Ges\u00f9 del Vangelo, al Ges\u00f9 di Emmaus, a quello dei pescatori, delle nozze di Cana, dell&#8217;amico di Betania. Al Ges\u00f9 orante nel deserto, tentato da satana, al Ges\u00f9 che piange l&#8217;amico morto, che guarisce l&#8217;ammalata. Perch\u00e9 avvenga un vero incontro con Ges\u00f9 di Nazaret, \u00e8 necessario intraprendere il cammino come quello di Chiara, Francesco, Antonio, Buenaventura, Fra Luigi Amig\u00f3 e tanti altri uomini e donne, che sono stati capaci di osare, lasciando tutto, per aprirsi al mondo in tal modo che resero possibile la Cultura dell&#8217;incontro.<\/p><p>Solo cos\u00ec sar\u00e0 riparata la casa minacciata di cadere in rovina, la casa comune colpita dal riscaldamento globale, dalla povert\u00e0 e dalla guerra. \u00c8 necessario, che la vera identit\u00e0 francescana sia conosciuta e accettata, attraverso le iniziative promosse dalla Famiglia francescana presente in ogni Paese, dalle Commissioni Giustizia Pace e Integrit\u00e0 della Creazione GPIC, dalle reti dei Migranti e difensori dei diritti umani delle donne, dei ragazzi e delle ragazze, gruppi LGBTIQ+, comunit\u00e0 ancestrali. Abbiate il coraggio di tessere con gli altri, di aprire le istituzioni a tutti coloro che desiderano essere artefici della pace con giustizia e dignit\u00e0.<\/p><p>\u00c8 necessario, come dice instancabilmente papa Francesco, di assumerci il dovere che abbiamo noi cristiani d\u2019impegnarci nella politica, perch\u00e9 \u00e8 una delle forme pi\u00f9 alte dell&#8217;amore, poich\u00e9 cerca il bene comune. Chiara e Francesco erano consapevoli di essere cittadini e si impegnarono a costruire una convivenza nella pace e nella giustizia. Per tale motivo, \u00e8 importante come francescani fare sinergia nelle Nazioni Unite attraverso l&#8217;ufficio <em>Franciscans International, <\/em>il quale, rende visibile alla comunit\u00e0 internazionale lo stato di rovina o di riparazione in cui si trova la casa comune.<\/p><p>Continuiamo a costruire, appoggiando la \u00abbeata appartenenza comune \u00bb che ci rende fratelli e sorelle, dice papa Francesco nella FT: \u00abLa fraternit\u00e0 e l&#8217;amicizia sociale si esprimono attraverso atti di benevolenza, con forme d\u2019aiuto e azioni generose nel momento del bisogno. Un affetto disinteressato verso gli altri esseri umani, a prescindere dalla differenza e dall&#8217;appartenenza\u201d.<\/p><p><strong>Juan Rendon Herrera OFM<\/strong><\/p>\t\t\t\t\t<\/div>\n\t\t\t\t\t\t<\/div>\n\t\t\t\t<\/div>\n\t\t\t\t\t\t<\/div>\n\t\t\t\t\t<\/div>\n\t\t<\/div>\n\t\t\t\t\t\t\t\t<\/div>\n\t\t\t\t\t<\/div>\n\t\t<\/section>\n\t\t\t\t\t\t\t\t\t<\/div>\n\t\t\t<\/div>\n\t\t\t\t\t<\/div>\n\t\t","protected":false},"excerpt":{"rendered":"<p>L\u2019Incontro di Francesco con il Crocifisso di San Damiano Introduzione \u00a0L&#8217;icona del crocifisso di San Damiano ha avuto grande diffusione nella piet\u00e0 cattolica, in qualsiasi negozio o litografia \u00e8 facile reperirla, sicuramente il suo formato e colore la rendono particolarmente attraente. All&#8217;improvviso la trovi appesa nell&#8217;ufficio di un dirigente di banca o nella sala d&#8217;attesa [&hellip;]<\/p>\n","protected":false},"author":1,"featured_media":6244,"comment_status":"open","ping_status":"open","sticky":false,"template":"","format":"standard","meta":[],"categories":[49],"tags":[],"_links":{"self":[{"href":"https:\/\/www.terciariascapuchinas.org\/it\/wp-json\/wp\/v2\/posts\/6256"}],"collection":[{"href":"https:\/\/www.terciariascapuchinas.org\/it\/wp-json\/wp\/v2\/posts"}],"about":[{"href":"https:\/\/www.terciariascapuchinas.org\/it\/wp-json\/wp\/v2\/types\/post"}],"author":[{"embeddable":true,"href":"https:\/\/www.terciariascapuchinas.org\/it\/wp-json\/wp\/v2\/users\/1"}],"replies":[{"embeddable":true,"href":"https:\/\/www.terciariascapuchinas.org\/it\/wp-json\/wp\/v2\/comments?post=6256"}],"version-history":[{"count":4,"href":"https:\/\/www.terciariascapuchinas.org\/it\/wp-json\/wp\/v2\/posts\/6256\/revisions"}],"predecessor-version":[{"id":6271,"href":"https:\/\/www.terciariascapuchinas.org\/it\/wp-json\/wp\/v2\/posts\/6256\/revisions\/6271"}],"wp:featuredmedia":[{"embeddable":true,"href":"https:\/\/www.terciariascapuchinas.org\/it\/wp-json\/wp\/v2\/media\/6244"}],"wp:attachment":[{"href":"https:\/\/www.terciariascapuchinas.org\/it\/wp-json\/wp\/v2\/media?parent=6256"}],"wp:term":[{"taxonomy":"category","embeddable":true,"href":"https:\/\/www.terciariascapuchinas.org\/it\/wp-json\/wp\/v2\/categories?post=6256"},{"taxonomy":"post_tag","embeddable":true,"href":"https:\/\/www.terciariascapuchinas.org\/it\/wp-json\/wp\/v2\/tags?post=6256"}],"curies":[{"name":"wp","href":"https:\/\/api.w.org\/{rel}","templated":true}]}}