{"id":6280,"date":"2022-11-10T15:52:30","date_gmt":"2022-11-10T15:52:30","guid":{"rendered":"https:\/\/www.terciariascapuchinas.org\/it\/?p=6280"},"modified":"2022-11-10T15:59:37","modified_gmt":"2022-11-10T15:59:37","slug":"avvento-2022","status":"publish","type":"post","link":"https:\/\/www.terciariascapuchinas.org\/it\/avvento-2022\/","title":{"rendered":"Avvento 2022"},"content":{"rendered":"\t\t<div data-elementor-type=\"wp-post\" data-elementor-id=\"6280\" class=\"elementor elementor-6280\">\n\t\t\t\t\t\t<div class=\"elementor-inner\">\n\t\t\t\t<div class=\"elementor-section-wrap\">\n\t\t\t\t\t\t\t\t\t<section class=\"elementor-section elementor-top-section elementor-element elementor-element-c6afacf elementor-section-boxed elementor-section-height-default elementor-section-height-default\" data-id=\"c6afacf\" data-element_type=\"section\">\n\t\t\t\t\t\t<div class=\"elementor-container elementor-column-gap-default\">\n\t\t\t\t\t\t\t<div class=\"elementor-row\">\n\t\t\t\t\t<div class=\"elementor-column elementor-col-100 elementor-top-column elementor-element elementor-element-794e871\" data-id=\"794e871\" data-element_type=\"column\">\n\t\t\t<div class=\"elementor-column-wrap elementor-element-populated\">\n\t\t\t\t\t\t\t<div class=\"elementor-widget-wrap\">\n\t\t\t\t\t\t<div class=\"elementor-element elementor-element-e08e1ab elementor-widget elementor-widget-text-editor\" data-id=\"e08e1ab\" data-element_type=\"widget\" data-widget_type=\"text-editor.default\">\n\t\t\t\t<div class=\"elementor-widget-container\">\n\t\t\t\t\t\t\t\t<div class=\"elementor-text-editor elementor-clearfix\">\n\t\t\t\t<div class=\"page\" title=\"Page 1\"><div class=\"layoutArea\"><div class=\"column\"><p>L&#8217;Avvento e\u0300 il primo periodo dell&#8217;anno liturgico cristiano, che consiste in un tempo di preparazione alla nascita di Cristo. La sua durata puo\u0300 variare dai 21 ai 28 giorni, dato che si festeggia nelle precedenti quattro domeniche prima della festa di Natale. Dai fedeli viene considerato un momento per la riflessione e il perdono.<\/p><p>La parola avvento deriva dal latino \u201cadventus\u201d, che significa venire. L&#8217;Avvento e\u0300 un tempo di gioia e di gratitudine per l&#8217;avvento di Nostro Signore Gesu\u0300 Cristo. E\u0300 una festa che e\u0300 stata aggiunta tardi nel calendario liturgico dopo la Pasqua. Queste quattro settimane che precedono il Natale sono un&#8217;opportunita\u0300 per prepararsi con speranza e pentimento alla<\/p><\/div><\/div><\/div><div class=\"page\" title=\"Page 2\"><div class=\"layoutArea\"><div class=\"column\"><p>venuta del Signore. Quest&#8217;anno l&#8217;Avvento iniziara\u0300 domenica 27 novembre e terminara\u0300 il 18 dicembre 2022.<\/p><p>Origine dell&#8217;Avvento<\/p><p>Prima della venuta di Cristo il popolo ebreo era molto provato e rispetto alle grandi nazioni era piccolo e indifeso, spesso schiavo e deportato, come anche invaso e spodestato. L&#8217;unica cosa che lo sostenne lungo tutto il tempo, fu la religione con la sua verita\u0300, ossia, la speranza in un personaggio promesso dai profeti: il Messia.<\/p><p>Alcuni di loro in Israele, spesso indicati come \u00abil resto\u00bb, avevano una visione spirituale del Messia che doveva venire, immaginando un Regno di pace, amore e giustizia. Ad essi appartenevano coloro che, mossi dallo Spirito, riconobbero in Gesu\u0300 il Messia Salvatore.<\/p><p>Una buona consuetudine d\u2019Avvento e\u0300 accendere la Corona dell&#8217;Avvento sia nelle proprie case che nelle parrocchie, attraverso le 4 candele ci permetteranno ad avvicinarci al mistero del Natale, a preparare i nostri cuori a rinnovare la presenza dell\u2019atteso Messia, atteso durante tutta la Storia dell&#8217;umanita\u0300.<\/p><p>Per conoscerne il significato vai su: <a href=\"http:\/\/L'Avvento \u00e8 il primo periodo dell'anno liturgico cristiano, che consiste in un tempo di preparazione alla nascita di Cristo. La sua durata pu\u00f2 variare dai 21 ai 28 giorni, dato che si festeggia nelle precedenti quattro domeniche prima della festa di Natale. Dai fedeli viene considerato un momento per la riflessione e il perdono. La parola avvento deriva dal latino \u201cadventus\u201d, che significa venire. L'Avvento \u00e8 un tempo di gioia e di gratitudine per l'avvento di Nostro Signore Ges\u00f9 Cristo. \u00c8 una festa che \u00e8 stata aggiunta tardi nel calendario liturgico dopo la Pasqua. Queste quattro settimane che precedono il Natale sono un'opportunit\u00e0 per prepararsi con speranza e pentimento alla venuta del Signore. Quest'anno l'Avvento iniziar\u00e0 domenica 27 novembre e terminar\u00e0 il 18 dicembre 2022. Origine dell'Avvento Prima della venuta di Cristo il popolo ebreo era molto provato e rispetto alle grandi nazioni era piccolo e indifeso, spesso schiavo e deportato, come anche invaso e spodestato. L'unica cosa che lo sostenne lungo tutto il tempo, fu la religione con la sua verit\u00e0, ossia, la speranza in un personaggio promesso dai profeti: il Messia. Alcuni di loro in Israele, spesso indicati come &quot;il resto&quot;, avevano una visione spirituale del Messia che doveva venire, immaginando un Regno di pace, amore e giustizia. Ad essi appartenevano coloro che, mossi dallo Spirito, riconobbero in Ges\u00f9 il Messia Salvatore. Una buona consuetudine d\u2019Avvento \u00e8 accendere la Corona dell'Avvento sia nelle proprie case che nelle parrocchie, attraverso le 4 candele ci permetteranno ad avvicinarci al mistero del Natale, a preparare i nostri cuori a rinnovare la presenza dell\u2019atteso Messia, atteso durante tutta la Storia dell'umanit\u00e0. Per conoscerne il significato vai su: https:\/\/www.aciprensa.com\/recursos\/la-corona-de- adviento-1748 FONTE: Aciprensa\" data-wplink-url-error=\"true\">https:\/\/www.aciprensa.com\/recursos\/la-corona-de- adviento-1748<\/a><\/p><p><em><strong>FONTE: Aciprensa<\/strong><\/em><\/p><\/div><\/div><\/div>\t\t\t\t\t<\/div>\n\t\t\t\t\t\t<\/div>\n\t\t\t\t<\/div>\n\t\t\t\t\t\t<\/div>\n\t\t\t\t\t<\/div>\n\t\t<\/div>\n\t\t\t\t\t\t\t\t<\/div>\n\t\t\t\t\t<\/div>\n\t\t<\/section>\n\t\t\t\t\t\t\t\t\t<\/div>\n\t\t\t<\/div>\n\t\t\t\t\t<\/div>\n\t\t","protected":false},"excerpt":{"rendered":"<p>L&#8217;Avvento e\u0300 il primo periodo dell&#8217;anno liturgico cristiano, che consiste in un tempo di preparazione alla nascita di Cristo. La sua durata puo\u0300 variare dai 21 ai 28 giorni, dato che si festeggia nelle precedenti quattro domeniche prima della festa di Natale. Dai fedeli viene considerato un momento per la riflessione e il perdono. La [&hellip;]<\/p>\n","protected":false},"author":1,"featured_media":6282,"comment_status":"open","ping_status":"open","sticky":false,"template":"","format":"standard","meta":[],"categories":[6],"tags":[],"_links":{"self":[{"href":"https:\/\/www.terciariascapuchinas.org\/it\/wp-json\/wp\/v2\/posts\/6280"}],"collection":[{"href":"https:\/\/www.terciariascapuchinas.org\/it\/wp-json\/wp\/v2\/posts"}],"about":[{"href":"https:\/\/www.terciariascapuchinas.org\/it\/wp-json\/wp\/v2\/types\/post"}],"author":[{"embeddable":true,"href":"https:\/\/www.terciariascapuchinas.org\/it\/wp-json\/wp\/v2\/users\/1"}],"replies":[{"embeddable":true,"href":"https:\/\/www.terciariascapuchinas.org\/it\/wp-json\/wp\/v2\/comments?post=6280"}],"version-history":[{"count":4,"href":"https:\/\/www.terciariascapuchinas.org\/it\/wp-json\/wp\/v2\/posts\/6280\/revisions"}],"predecessor-version":[{"id":6296,"href":"https:\/\/www.terciariascapuchinas.org\/it\/wp-json\/wp\/v2\/posts\/6280\/revisions\/6296"}],"wp:featuredmedia":[{"embeddable":true,"href":"https:\/\/www.terciariascapuchinas.org\/it\/wp-json\/wp\/v2\/media\/6282"}],"wp:attachment":[{"href":"https:\/\/www.terciariascapuchinas.org\/it\/wp-json\/wp\/v2\/media?parent=6280"}],"wp:term":[{"taxonomy":"category","embeddable":true,"href":"https:\/\/www.terciariascapuchinas.org\/it\/wp-json\/wp\/v2\/categories?post=6280"},{"taxonomy":"post_tag","embeddable":true,"href":"https:\/\/www.terciariascapuchinas.org\/it\/wp-json\/wp\/v2\/tags?post=6280"}],"curies":[{"name":"wp","href":"https:\/\/api.w.org\/{rel}","templated":true}]}}