{"id":6302,"date":"2022-11-10T16:05:25","date_gmt":"2022-11-10T16:05:25","guid":{"rendered":"https:\/\/www.terciariascapuchinas.org\/it\/?p=6302"},"modified":"2022-11-10T16:16:22","modified_gmt":"2022-11-10T16:16:22","slug":"nellandare-se-ne-va-e-piange-portando-la-semente-da-gettare-ma-nel-tornare-viene-con-giubilo-portando-i-suoi-covoni-sal-126-5-6","status":"publish","type":"post","link":"https:\/\/www.terciariascapuchinas.org\/it\/nellandare-se-ne-va-e-piange-portando-la-semente-da-gettare-ma-nel-tornare-viene-con-giubilo-portando-i-suoi-covoni-sal-126-5-6\/","title":{"rendered":"\u201cNell&#8217;andare, se ne va e piange, portando la semente da gettare, ma nel tornare, viene con giubilo, portando i suoi covoni\u00bb (sal 126, 5-6)"},"content":{"rendered":"\t\t<div data-elementor-type=\"wp-post\" data-elementor-id=\"6302\" class=\"elementor elementor-6302\">\n\t\t\t\t\t\t<div class=\"elementor-inner\">\n\t\t\t\t<div class=\"elementor-section-wrap\">\n\t\t\t\t\t\t\t\t\t<section class=\"elementor-section elementor-top-section elementor-element elementor-element-821926f elementor-section-boxed elementor-section-height-default elementor-section-height-default\" data-id=\"821926f\" data-element_type=\"section\">\n\t\t\t\t\t\t<div class=\"elementor-container elementor-column-gap-default\">\n\t\t\t\t\t\t\t<div class=\"elementor-row\">\n\t\t\t\t\t<div class=\"elementor-column elementor-col-100 elementor-top-column elementor-element elementor-element-214d784\" data-id=\"214d784\" data-element_type=\"column\">\n\t\t\t<div class=\"elementor-column-wrap elementor-element-populated\">\n\t\t\t\t\t\t\t<div class=\"elementor-widget-wrap\">\n\t\t\t\t\t\t<div class=\"elementor-element elementor-element-65a4118 elementor-widget elementor-widget-text-editor\" data-id=\"65a4118\" data-element_type=\"widget\" data-widget_type=\"text-editor.default\">\n\t\t\t\t<div class=\"elementor-widget-container\">\n\t\t\t\t\t\t\t\t<div class=\"elementor-text-editor elementor-clearfix\">\n\t\t\t\t<p>Questo versetto, dal Salmo 126, risuonava nel mio cuore e nella mia mente mentre salivo sull&#8217;aereo diretto in Tanzania-Africa. Erano esattamente questi i sentimenti che provavo e la determinazione che mi spingeva a raggiungere il luogo in cui Dio Onnipotente mi aveva inviato. E quando, dopo tre anni di servizio missionario, sono tornata in vacanza nelle Filippine, sperimentai la gioia espressa nel versetto del salmo (126,6): Il mio cuore cantava di gioia, per tornare e condividere le mie avventure. Questa \u00e8 la mia esperienza, fino ad oggi, momento in cui scrivo questo articolo. Infatti, il progetto di Dio su ciascuno di noi \u00e8 sempre una chiamata a vivere la nostra vita in pienezza. E per sempre canter\u00f2 la tua lode e la tua gloria per il dono dei miei genitori e della mia numerosa famiglia, dei miei amici e parenti, per il dono della mia fede, delle mie consorelle e della nostra amata Congregazione delle Terziarie Cappuccine della Sacra Famiglia nella quale alimento la mia vita da quando sono entrata nella Congregazione fino ad oggi, tappa in cui mi trovo la \u201cmezza et\u00e0\u201d.<\/p><p>\u00c8 davvero bello guardare indietro e vedere tante esperienze vissute piene di colori, luci e ombre, alti e bassi, ma nel complesso contemplare la bella opera d\u2019arte che Dio ha compiuto in me, attraverso il suo costante amore, la sua misericordia e provvidenza. Insieme a Maria, nostra Madre, ogni sera proclamo il Magnificat nella preghiera del vespro in compagnia della mia comunit\u00e0 e ai fedeli che partecipano alla nostra missione.<\/p><p>Come Terziaria Cappuccina della Sacra Famiglia, ho capito, fin dal primo momento da quando ho conosciuto le nostre prime sorelle missionarie nelle Filippine, che essere Terziaria Cappuccina significa\u00a0 anche diventare missionaria fuori dal proprio Paese. Attraverso la loro testimonianza di vita ho imparato che la missionaria condivide la quotidianit\u00e0 nella semplicit\u00e0, in uno spirito di preghiera, nella vita comunitaria e nel servizio concreto a cui la Congregazione ci invia. Servire la gente secondo la nostra spiritualit\u00e0 francescano-amigoniana. Anche se bisogna capire che la vita missionaria va vissuta ovunque ci troviamo, dentro o fuori del nostro Paese d\u2019origine.<\/p><p>In breve, vi racconto il mio itinerario missionario in Tanzania. Inizi\u00f2 l\u20191 gennaio 1998 fino ad oggi 2022 con un biennio (2010-2011) di pausa per gli studi superiori. In questo momento mi trovo ancora qui al servizio della missione. Durante tutta la mia permanenza in Tanzania mi sono occupata e mi occupo tuttora dell&#8217;istruzione dei bambini. Com&#8217;\u00e8 la mia esperienza? Dico che \u00e8 stupenda e meravigliosa! Vissuta con gioia, con tutte le mie imperfezioni, imprevisti, fallimenti e successi.<\/p><p>Tanzania \u00e8 diventata ora la mia seconda patria. Come ogni paese, ha una cultura ricca e molto speciale. L&#8217;espressione della fede cattolica, in particolare nella liturgia, \u00e8 viva e lenta, senza limite di tempo. La sua popolazione ha un profondo senso di solidariet\u00e0,\u00a0 \u00e8 costituita da\u00a0 famiglie allargate nel vero senso della parola. Le persone celebrano e piangono insieme, si respira uno spirito di unit\u00e0, segnato da un autorevole programma cerimoniale. La gente \u00e8 allegra, ospitale, affettuosa e buona. La Tanzania \u00e8 geograficamente molto bella, ricca di parchi naturali e soprattutto conosciuta per la sua famosa e maestosa montagna del Kilimangiaro. I bambini e i giovani sono molto rispettosi e, in generale, si caratterizzano per la loro grande resistenza nell&#8217;affrontare le comuni sfide della vita. Questa \u00e8 la breve descrizione che posso condividere e invito le mie consorelle a venire a vedere la bellezza della Tanzania\u2026 Ringrazio e amo la Tanzania per avermi insegnato tante cose e in tanti modi.<\/p><p>Come religiosa impegnata nel campo dell&#8217;educazione, il messaggio centrale di tutti i miei sforzi, grandi o piccoli che siano, \u00e8 semplicemente quello di condividere il messaggio liberatore del Vangelo di Ges\u00f9 nelle attivit\u00e0 quotidiane e di routine della vita religiosa. In parole semplici\u00a0 questo messaggio liberatore del Vangelo lo sintetizzo cosi :<\/p><p><strong><em>Riconoscendo anzitutto, all&#8217;inizio di ogni giornata nella preghiera, che il nuovo giorno \u00e8 un dono di Dio e che da quel dono non pu\u00f2 venire nulla di buono se non nella sua Grazia. La vita di preghiera \u00e8 al di sopra di tutto, perch\u00e9 \u00e8 da essa che traggo forza e ispirazione per andare incontro alle persone, agli studenti, al personale della scuola, ai genitori e ai vicini per poterli servire.<\/em><\/strong><\/p><p>In secondo luogo, <strong><em>cerco di essere in comunione con la mia comunit\u00e0 in ogni attivit\u00e0 quotidiana che svolgo,\u00a0 preghiera, pasti, ricreazione, lavoro, ecc. e cerco il pi\u00f9 possibile di comunicare e dialogare con le mie consorelle di comunit\u00e0, con le persone che servo e con le quali lavoro. Sottolineo,\u00a0 che camminare insieme alle mie consorelle di congregazione \u00e8 un bel dono da custodire nel cuore con tutte le sue sfide e difficolt\u00e0.<\/em><\/strong><\/p><p>Terzo, <strong><em>il servizio senza riserve \u00e8 ci\u00f2 che d\u00e0 senso alle mie preghiere e alla vita in comunit\u00e0. <\/em><\/strong>Perch\u00e9 senza raggiungere le persone che hanno bisogno sia del mio tempo che dei miei talenti, tutto sarebbe insignificante. In breve, questi sono i miei modi di vivere una vita felice come Sorella Terziaria Cappuccina della Sacra Famiglia.<\/p><p>Quest&#8217;anno, ricorre il 24\u00b0 anniversario della mia permanenza, fuori dal mio paese natale. Forse non ho fatto grandi cose, ma per me, l&#8217;importante \u00e8 la totalit\u00e0 della mia dedizione e la sequela di nostro Signore Ges\u00f9 nella vita religiosa e con ci\u00f2 mi sento veramente felice e sento che questi 24 anni sono passati come se fosse ieri.<\/p><p>LODO E GLORIFICO GES\u00d9, IL NOSTRO AMOREVOLE DIO E SALVATORE!<\/p><p><em><strong>Sr. Nida Galera, TC<\/strong><\/em><\/p>\t\t\t\t\t<\/div>\n\t\t\t\t\t\t<\/div>\n\t\t\t\t<\/div>\n\t\t\t\t\t\t<\/div>\n\t\t\t\t\t<\/div>\n\t\t<\/div>\n\t\t\t\t\t\t\t\t<\/div>\n\t\t\t\t\t<\/div>\n\t\t<\/section>\n\t\t\t\t\t\t\t\t\t<\/div>\n\t\t\t<\/div>\n\t\t\t\t\t<\/div>\n\t\t","protected":false},"excerpt":{"rendered":"<p>Questo versetto, dal Salmo 126, risuonava nel mio cuore e nella mia mente mentre salivo sull&#8217;aereo diretto in Tanzania-Africa. Erano esattamente questi i sentimenti che provavo e la determinazione che mi spingeva a raggiungere il luogo in cui Dio Onnipotente mi aveva inviato. E quando, dopo tre anni di servizio missionario, sono tornata in vacanza [&hellip;]<\/p>\n","protected":false},"author":1,"featured_media":6284,"comment_status":"open","ping_status":"open","sticky":false,"template":"","format":"standard","meta":[],"categories":[49],"tags":[],"_links":{"self":[{"href":"https:\/\/www.terciariascapuchinas.org\/it\/wp-json\/wp\/v2\/posts\/6302"}],"collection":[{"href":"https:\/\/www.terciariascapuchinas.org\/it\/wp-json\/wp\/v2\/posts"}],"about":[{"href":"https:\/\/www.terciariascapuchinas.org\/it\/wp-json\/wp\/v2\/types\/post"}],"author":[{"embeddable":true,"href":"https:\/\/www.terciariascapuchinas.org\/it\/wp-json\/wp\/v2\/users\/1"}],"replies":[{"embeddable":true,"href":"https:\/\/www.terciariascapuchinas.org\/it\/wp-json\/wp\/v2\/comments?post=6302"}],"version-history":[{"count":10,"href":"https:\/\/www.terciariascapuchinas.org\/it\/wp-json\/wp\/v2\/posts\/6302\/revisions"}],"predecessor-version":[{"id":6317,"href":"https:\/\/www.terciariascapuchinas.org\/it\/wp-json\/wp\/v2\/posts\/6302\/revisions\/6317"}],"wp:featuredmedia":[{"embeddable":true,"href":"https:\/\/www.terciariascapuchinas.org\/it\/wp-json\/wp\/v2\/media\/6284"}],"wp:attachment":[{"href":"https:\/\/www.terciariascapuchinas.org\/it\/wp-json\/wp\/v2\/media?parent=6302"}],"wp:term":[{"taxonomy":"category","embeddable":true,"href":"https:\/\/www.terciariascapuchinas.org\/it\/wp-json\/wp\/v2\/categories?post=6302"},{"taxonomy":"post_tag","embeddable":true,"href":"https:\/\/www.terciariascapuchinas.org\/it\/wp-json\/wp\/v2\/tags?post=6302"}],"curies":[{"name":"wp","href":"https:\/\/api.w.org\/{rel}","templated":true}]}}