{"id":6319,"date":"2022-12-09T12:45:55","date_gmt":"2022-12-09T12:45:55","guid":{"rendered":"https:\/\/www.terciariascapuchinas.org\/it\/?p=6319"},"modified":"2022-12-09T12:51:18","modified_gmt":"2022-12-09T12:51:18","slug":"giornata-internazionale-del-migrante","status":"publish","type":"post","link":"https:\/\/www.terciariascapuchinas.org\/it\/giornata-internazionale-del-migrante\/","title":{"rendered":"Giornata Internazionale del migrante"},"content":{"rendered":"\t\t<div data-elementor-type=\"wp-post\" data-elementor-id=\"6319\" class=\"elementor elementor-6319\">\n\t\t\t\t\t\t<div class=\"elementor-inner\">\n\t\t\t\t<div class=\"elementor-section-wrap\">\n\t\t\t\t\t\t\t\t\t<section class=\"elementor-section elementor-top-section elementor-element elementor-element-a41c454 elementor-section-boxed elementor-section-height-default elementor-section-height-default\" data-id=\"a41c454\" data-element_type=\"section\">\n\t\t\t\t\t\t<div class=\"elementor-container elementor-column-gap-default\">\n\t\t\t\t\t\t\t<div class=\"elementor-row\">\n\t\t\t\t\t<div class=\"elementor-column elementor-col-100 elementor-top-column elementor-element elementor-element-a864674\" data-id=\"a864674\" data-element_type=\"column\">\n\t\t\t<div class=\"elementor-column-wrap elementor-element-populated\">\n\t\t\t\t\t\t\t<div class=\"elementor-widget-wrap\">\n\t\t\t\t\t\t<div class=\"elementor-element elementor-element-9cc7292 elementor-widget elementor-widget-text-editor\" data-id=\"9cc7292\" data-element_type=\"widget\" data-widget_type=\"text-editor.default\">\n\t\t\t\t<div class=\"elementor-widget-container\">\n\t\t\t\t\t\t\t\t<div class=\"elementor-text-editor elementor-clearfix\">\n\t\t\t\t<p>Dato l&#8217;aumento dei flussi migratori nel mondo, <strong>nel 2000 l&#8217;Assemblea Generale delle Nazioni Unite ha proclamato il 18 dicembre Giornata Internazionale dei Migranti,<\/strong> con il fine di promuovere lo scambio delle esperienze e delle opportunit\u00e0 di collaborazione tra i paesi e le regioni migranti, di fronte alle difficolt\u00e0 della migrazione internazionale.<\/p><p>Con la creazione di questo evento si cerca di rendere visibili le sfide, le difficolt\u00e0 e le avversit\u00e0 che i migranti sono costretti ad affrontare durante il loro percorso, nonch\u00e9 invitare tutte le nazioni a contribuire affinch\u00e8 facciano in modo che la migrazione diventi un processo sicuro, regolare e dignitoso .<\/p><p><strong>Origine della giornata del migrante<\/strong><\/p><p>Uno dei principali retroscena nella creazione di questo evento risiede nell&#8217;adozione della convenzione internazionale sulla protezione dei diritti di tutti i lavoratori migranti e delle loro famiglie, da parte dell&#8217;Assemblea generale delle Nazioni Unite nel 1990.<\/p><p>La migrazione umana si riferisce a quel processo di migrazione volontaria o forzata di persone che dal proprio paese d\u2019origine o di residenza, in modo permanente o temporaneo, si spostano\u00a0 verso un altro paese.<\/p><p>Paradossalmente, le politiche migratorie restrittive imposte dai Paesi, unitamente alle manifestazioni di xenofobia hanno purtroppo, limitato tali processi, contribuendo all&#8217;aumento del fenomeno sociale delle \u201cpersone irregolari\u201d o \u201csenza documenti\u201d.<\/p><p>Fuente:\u00a0<a href=\"http:\/\/www.clacso.org\/\">www.clacso.org<\/a><\/p>\t\t\t\t\t<\/div>\n\t\t\t\t\t\t<\/div>\n\t\t\t\t<\/div>\n\t\t\t\t\t\t<\/div>\n\t\t\t\t\t<\/div>\n\t\t<\/div>\n\t\t\t\t\t\t\t\t<\/div>\n\t\t\t\t\t<\/div>\n\t\t<\/section>\n\t\t\t\t\t\t\t\t\t<\/div>\n\t\t\t<\/div>\n\t\t\t\t\t<\/div>\n\t\t","protected":false},"excerpt":{"rendered":"<p>Dato l&#8217;aumento dei flussi migratori nel mondo, nel 2000 l&#8217;Assemblea Generale delle Nazioni Unite ha proclamato il 18 dicembre Giornata Internazionale dei Migranti, con il fine di promuovere lo scambio delle esperienze e delle opportunit\u00e0 di collaborazione tra i paesi e le regioni migranti, di fronte alle difficolt\u00e0 della migrazione internazionale. Con la creazione di [&hellip;]<\/p>\n","protected":false},"author":1,"featured_media":6326,"comment_status":"open","ping_status":"open","sticky":false,"template":"","format":"standard","meta":[],"categories":[6],"tags":[],"_links":{"self":[{"href":"https:\/\/www.terciariascapuchinas.org\/it\/wp-json\/wp\/v2\/posts\/6319"}],"collection":[{"href":"https:\/\/www.terciariascapuchinas.org\/it\/wp-json\/wp\/v2\/posts"}],"about":[{"href":"https:\/\/www.terciariascapuchinas.org\/it\/wp-json\/wp\/v2\/types\/post"}],"author":[{"embeddable":true,"href":"https:\/\/www.terciariascapuchinas.org\/it\/wp-json\/wp\/v2\/users\/1"}],"replies":[{"embeddable":true,"href":"https:\/\/www.terciariascapuchinas.org\/it\/wp-json\/wp\/v2\/comments?post=6319"}],"version-history":[{"count":4,"href":"https:\/\/www.terciariascapuchinas.org\/it\/wp-json\/wp\/v2\/posts\/6319\/revisions"}],"predecessor-version":[{"id":6335,"href":"https:\/\/www.terciariascapuchinas.org\/it\/wp-json\/wp\/v2\/posts\/6319\/revisions\/6335"}],"wp:featuredmedia":[{"embeddable":true,"href":"https:\/\/www.terciariascapuchinas.org\/it\/wp-json\/wp\/v2\/media\/6326"}],"wp:attachment":[{"href":"https:\/\/www.terciariascapuchinas.org\/it\/wp-json\/wp\/v2\/media?parent=6319"}],"wp:term":[{"taxonomy":"category","embeddable":true,"href":"https:\/\/www.terciariascapuchinas.org\/it\/wp-json\/wp\/v2\/categories?post=6319"},{"taxonomy":"post_tag","embeddable":true,"href":"https:\/\/www.terciariascapuchinas.org\/it\/wp-json\/wp\/v2\/tags?post=6319"}],"curies":[{"name":"wp","href":"https:\/\/api.w.org\/{rel}","templated":true}]}}