{"id":6320,"date":"2022-12-09T12:46:30","date_gmt":"2022-12-09T12:46:30","guid":{"rendered":"https:\/\/www.terciariascapuchinas.org\/it\/?p=6320"},"modified":"2022-12-09T12:52:15","modified_gmt":"2022-12-09T12:52:15","slug":"papa-francesco-promuove-il-motu-proprio-sul-controllo-finanziario-di-queste-istituzioni","status":"publish","type":"post","link":"https:\/\/www.terciariascapuchinas.org\/it\/papa-francesco-promuove-il-motu-proprio-sul-controllo-finanziario-di-queste-istituzioni\/","title":{"rendered":"Papa Francesco promuove il motu proprio sul controllo finanziario di queste istituzioni"},"content":{"rendered":"\t\t<div data-elementor-type=\"wp-post\" data-elementor-id=\"6320\" class=\"elementor elementor-6320\">\n\t\t\t\t\t\t<div class=\"elementor-inner\">\n\t\t\t\t<div class=\"elementor-section-wrap\">\n\t\t\t\t\t\t\t\t\t<section class=\"elementor-section elementor-top-section elementor-element elementor-element-5c07b89 elementor-section-boxed elementor-section-height-default elementor-section-height-default\" data-id=\"5c07b89\" data-element_type=\"section\">\n\t\t\t\t\t\t<div class=\"elementor-container elementor-column-gap-default\">\n\t\t\t\t\t\t\t<div class=\"elementor-row\">\n\t\t\t\t\t<div class=\"elementor-column elementor-col-100 elementor-top-column elementor-element elementor-element-beeac76\" data-id=\"beeac76\" data-element_type=\"column\">\n\t\t\t<div class=\"elementor-column-wrap elementor-element-populated\">\n\t\t\t\t\t\t\t<div class=\"elementor-widget-wrap\">\n\t\t\t\t\t\t<div class=\"elementor-element elementor-element-c5a7d24 elementor-widget elementor-widget-text-editor\" data-id=\"c5a7d24\" data-element_type=\"widget\" data-widget_type=\"text-editor.default\">\n\t\t\t\t<div class=\"elementor-widget-container\">\n\t\t\t\t\t\t\t\t<div class=\"elementor-text-editor elementor-clearfix\">\n\t\t\t\t<p>Papa Francesco ha promulgato una lettera apostolica in forma di \u00abmotu proprio\u00bb sulle \u00abpersone giuridiche strumentali della curia romana\u00bb nel quale ribadisce l&#8217;importanza del controllo e della vigilanza sulle transazioni finanziarie.<\/p><p>La sala stampa della Santa Sede ha diffuso il 6 dicembre questo nuovo \u00abmotu proprio\u00bb firmato da papa Francesco insieme alla legge \u00absulle persone giuridiche nello Stato della Citt\u00e0 del Vaticano\u00bb che entrer\u00e0 in vigore l&#8217;8 dicembre.<\/p><p>La nuova legge si compone di 22 articoli ed \u00e8 firmata dal presidente del governatorato dello stato della Citt\u00e0 del Vaticano, cardinale Fernando V\u00e9rgez Alzaga, e dal Segretario generale dello stesso dicastero, sr Raffaella Petrini.<\/p><p>La lettera apostolica del papa in forma di \u201cmotu proprio\u201d inizia con la citazione del Vangelo di san Luca (16, 10a) \u201c<strong>chi \u00e8 fedele nel poco, \u00e8 fedele anche nel molto<\/strong>\u201d.<\/p><p>Il testo del motu proprio si compone di 8 articoli. Nell&#8217;introduzione, il Papa ricorda che dopo la promulgazione della costituzione apostolica \u00abPraedicate Evangelium\u00bb \u00e8 anche \u00abnecessario disciplinare i vari fondi, fondazioni ed enti che, nel corso degli anni, sono sorti all&#8217;interno delle istituzioni curiali e dipendono direttamente da loro.<\/p><p>Per questo il Papa ha stabilito che tale \u00abregolamento si applica alle persone giuridiche strumentali\u00bb che fanno riferimento alla Santa Sede, iscritte all&#8217;articolo 1 dello Statuto del Consiglio per l&#8217;Economia e aventi sede nello Stato della Citt\u00e0 del Vaticano, \u00abcon esclusione delle Istituzioni curiali e gli uffici della Curia Romana, delle Istituzioni col egate alla Santa Sede e del Governo dello Stato della Citt\u00e0 del Vaticano\u201d.<\/p><p>Tra gli aspetti tecnici affrontati nel documento spicca l&#8217;importanza della vigilanza e del \u00abmonitoraggio e controllo in materia economico-finanziaria\u00bb svolto dalla Segreteria per l&#8217;Economia.<\/p><p><strong>Fonte: Notizie vaticane<\/strong><\/p><p>\u00a0<\/p>\t\t\t\t\t<\/div>\n\t\t\t\t\t\t<\/div>\n\t\t\t\t<\/div>\n\t\t\t\t\t\t<\/div>\n\t\t\t\t\t<\/div>\n\t\t<\/div>\n\t\t\t\t\t\t\t\t<\/div>\n\t\t\t\t\t<\/div>\n\t\t<\/section>\n\t\t\t\t\t\t\t\t\t<\/div>\n\t\t\t<\/div>\n\t\t\t\t\t<\/div>\n\t\t","protected":false},"excerpt":{"rendered":"<p>Papa Francesco ha promulgato una lettera apostolica in forma di \u00abmotu proprio\u00bb sulle \u00abpersone giuridiche strumentali della curia romana\u00bb nel quale ribadisce l&#8217;importanza del controllo e della vigilanza sulle transazioni finanziarie. La sala stampa della Santa Sede ha diffuso il 6 dicembre questo nuovo \u00abmotu proprio\u00bb firmato da papa Francesco insieme alla legge \u00absulle persone [&hellip;]<\/p>\n","protected":false},"author":1,"featured_media":6325,"comment_status":"open","ping_status":"open","sticky":false,"template":"","format":"standard","meta":[],"categories":[6],"tags":[],"_links":{"self":[{"href":"https:\/\/www.terciariascapuchinas.org\/it\/wp-json\/wp\/v2\/posts\/6320"}],"collection":[{"href":"https:\/\/www.terciariascapuchinas.org\/it\/wp-json\/wp\/v2\/posts"}],"about":[{"href":"https:\/\/www.terciariascapuchinas.org\/it\/wp-json\/wp\/v2\/types\/post"}],"author":[{"embeddable":true,"href":"https:\/\/www.terciariascapuchinas.org\/it\/wp-json\/wp\/v2\/users\/1"}],"replies":[{"embeddable":true,"href":"https:\/\/www.terciariascapuchinas.org\/it\/wp-json\/wp\/v2\/comments?post=6320"}],"version-history":[{"count":4,"href":"https:\/\/www.terciariascapuchinas.org\/it\/wp-json\/wp\/v2\/posts\/6320\/revisions"}],"predecessor-version":[{"id":6338,"href":"https:\/\/www.terciariascapuchinas.org\/it\/wp-json\/wp\/v2\/posts\/6320\/revisions\/6338"}],"wp:featuredmedia":[{"embeddable":true,"href":"https:\/\/www.terciariascapuchinas.org\/it\/wp-json\/wp\/v2\/media\/6325"}],"wp:attachment":[{"href":"https:\/\/www.terciariascapuchinas.org\/it\/wp-json\/wp\/v2\/media?parent=6320"}],"wp:term":[{"taxonomy":"category","embeddable":true,"href":"https:\/\/www.terciariascapuchinas.org\/it\/wp-json\/wp\/v2\/categories?post=6320"},{"taxonomy":"post_tag","embeddable":true,"href":"https:\/\/www.terciariascapuchinas.org\/it\/wp-json\/wp\/v2\/tags?post=6320"}],"curies":[{"name":"wp","href":"https:\/\/api.w.org\/{rel}","templated":true}]}}