{"id":6321,"date":"2022-12-09T12:45:35","date_gmt":"2022-12-09T12:45:35","guid":{"rendered":"https:\/\/www.terciariascapuchinas.org\/it\/?p=6321"},"modified":"2022-12-09T12:50:06","modified_gmt":"2022-12-09T12:50:06","slug":"il-papa-alla-gmg-2023-i-volontari-una-forza-durto","status":"publish","type":"post","link":"https:\/\/www.terciariascapuchinas.org\/it\/il-papa-alla-gmg-2023-i-volontari-una-forza-durto\/","title":{"rendered":"Il Papa alla GMG 2023: I volontari una \u201cForza d&#8217;urto\u201d"},"content":{"rendered":"\t\t<div data-elementor-type=\"wp-post\" data-elementor-id=\"6321\" class=\"elementor elementor-6321\">\n\t\t\t\t\t\t<div class=\"elementor-inner\">\n\t\t\t\t<div class=\"elementor-section-wrap\">\n\t\t\t\t\t\t\t\t\t<section class=\"elementor-section elementor-top-section elementor-element elementor-element-2546d86 elementor-section-boxed elementor-section-height-default elementor-section-height-default\" data-id=\"2546d86\" data-element_type=\"section\">\n\t\t\t\t\t\t<div class=\"elementor-container elementor-column-gap-default\">\n\t\t\t\t\t\t\t<div class=\"elementor-row\">\n\t\t\t\t\t<div class=\"elementor-column elementor-col-100 elementor-top-column elementor-element elementor-element-fd76317\" data-id=\"fd76317\" data-element_type=\"column\">\n\t\t\t<div class=\"elementor-column-wrap elementor-element-populated\">\n\t\t\t\t\t\t\t<div class=\"elementor-widget-wrap\">\n\t\t\t\t\t\t<div class=\"elementor-element elementor-element-ab21b2e elementor-widget elementor-widget-text-editor\" data-id=\"ab21b2e\" data-element_type=\"widget\" data-widget_type=\"text-editor.default\">\n\t\t\t\t<div class=\"elementor-widget-container\">\n\t\t\t\t\t\t\t\t<div class=\"elementor-text-editor elementor-clearfix\">\n\t\t\t\t<p>Francesco invia un videomessaggio in spagnolo in occasione della giornata mondiale del volontariato che si celebra il 5 dicembre per parlare della generosit\u00e0 di tutti coloro che sostengono l&#8217;opera della Chiesa con il loro volontariato. \u201cIl volontariato\u201d, spiega, \u201c\u00e8 una grazia di Dio\u201d.<\/p><p>\u201cIl volontariato \u00e8 una &#8216;forza d&#8217;attacco&#8217; che ci permette di andare oltre ci\u00f2 che \u00e8 stabilito per ottenere qualcosa\u00bb. In un videomessaggio in lingua spagnola, Francesco si rivolge ai volontari della GMG 2023, che si svolger\u00e0 dall&#8217;1 al 6 agosto a Lisbona (Portogallo), per ringraziarli, \u00abper la loro generosit\u00e0\u00bb, la \u00abgenerosit\u00e0 di ogni singolo volontario\u00bb, loro che sono una forza travolgente, \u00abuna forza della Chiesa, espressione della missione della Chiesa\u00bb, perch\u00e9 sono loro che mantengono l&#8217;azione della Chiesa con il loro \u00abvolontariato\u00bb.<\/p><p>Fuente:\u00a0<a href=\"https:\/\/lisboa2023.org\/\">https:\/\/lisboa2023.org<\/a><\/p>\t\t\t\t\t<\/div>\n\t\t\t\t\t\t<\/div>\n\t\t\t\t<\/div>\n\t\t\t\t<div class=\"elementor-element elementor-element-7feaa4e elementor-aspect-ratio-169 elementor-widget elementor-widget-video\" data-id=\"7feaa4e\" data-element_type=\"widget\" data-settings=\"{&quot;youtube_url&quot;:&quot;https:\\\/\\\/www.youtube.com\\\/watch?v=3b4TIN42GqU&quot;,&quot;video_type&quot;:&quot;youtube&quot;,&quot;controls&quot;:&quot;yes&quot;,&quot;aspect_ratio&quot;:&quot;169&quot;}\" data-widget_type=\"video.default\">\n\t\t\t\t<div class=\"elementor-widget-container\">\n\t\t\t\t\t<div class=\"elementor-wrapper elementor-fit-aspect-ratio elementor-open-inline\">\n\t\t\t<div class=\"elementor-video\"><\/div>\t\t<\/div>\n\t\t\t\t<\/div>\n\t\t\t\t<\/div>\n\t\t\t\t\t\t<\/div>\n\t\t\t\t\t<\/div>\n\t\t<\/div>\n\t\t\t\t\t\t\t\t<\/div>\n\t\t\t\t\t<\/div>\n\t\t<\/section>\n\t\t\t\t\t\t\t\t\t<\/div>\n\t\t\t<\/div>\n\t\t\t\t\t<\/div>\n\t\t","protected":false},"excerpt":{"rendered":"<p>Francesco invia un videomessaggio in spagnolo in occasione della giornata mondiale del volontariato che si celebra il 5 dicembre per parlare della generosit\u00e0 di tutti coloro che sostengono l&#8217;opera della Chiesa con il loro volontariato. \u201cIl volontariato\u201d, spiega, \u201c\u00e8 una grazia di Dio\u201d. \u201cIl volontariato \u00e8 una &#8216;forza d&#8217;attacco&#8217; che ci permette di andare oltre [&hellip;]<\/p>\n","protected":false},"author":1,"featured_media":6324,"comment_status":"open","ping_status":"open","sticky":false,"template":"","format":"standard","meta":[],"categories":[6],"tags":[],"_links":{"self":[{"href":"https:\/\/www.terciariascapuchinas.org\/it\/wp-json\/wp\/v2\/posts\/6321"}],"collection":[{"href":"https:\/\/www.terciariascapuchinas.org\/it\/wp-json\/wp\/v2\/posts"}],"about":[{"href":"https:\/\/www.terciariascapuchinas.org\/it\/wp-json\/wp\/v2\/types\/post"}],"author":[{"embeddable":true,"href":"https:\/\/www.terciariascapuchinas.org\/it\/wp-json\/wp\/v2\/users\/1"}],"replies":[{"embeddable":true,"href":"https:\/\/www.terciariascapuchinas.org\/it\/wp-json\/wp\/v2\/comments?post=6321"}],"version-history":[{"count":4,"href":"https:\/\/www.terciariascapuchinas.org\/it\/wp-json\/wp\/v2\/posts\/6321\/revisions"}],"predecessor-version":[{"id":6332,"href":"https:\/\/www.terciariascapuchinas.org\/it\/wp-json\/wp\/v2\/posts\/6321\/revisions\/6332"}],"wp:featuredmedia":[{"embeddable":true,"href":"https:\/\/www.terciariascapuchinas.org\/it\/wp-json\/wp\/v2\/media\/6324"}],"wp:attachment":[{"href":"https:\/\/www.terciariascapuchinas.org\/it\/wp-json\/wp\/v2\/media?parent=6321"}],"wp:term":[{"taxonomy":"category","embeddable":true,"href":"https:\/\/www.terciariascapuchinas.org\/it\/wp-json\/wp\/v2\/categories?post=6321"},{"taxonomy":"post_tag","embeddable":true,"href":"https:\/\/www.terciariascapuchinas.org\/it\/wp-json\/wp\/v2\/tags?post=6321"}],"curies":[{"name":"wp","href":"https:\/\/api.w.org\/{rel}","templated":true}]}}