{"id":6339,"date":"2022-12-09T12:55:21","date_gmt":"2022-12-09T12:55:21","guid":{"rendered":"https:\/\/www.terciariascapuchinas.org\/it\/?p=6339"},"modified":"2022-12-09T12:57:19","modified_gmt":"2022-12-09T12:57:19","slug":"maria-donna-di-speranza","status":"publish","type":"post","link":"https:\/\/www.terciariascapuchinas.org\/it\/maria-donna-di-speranza\/","title":{"rendered":"Maria, donna di speranza"},"content":{"rendered":"\t\t<div data-elementor-type=\"wp-post\" data-elementor-id=\"6339\" class=\"elementor elementor-6339\">\n\t\t\t\t\t\t<div class=\"elementor-inner\">\n\t\t\t\t<div class=\"elementor-section-wrap\">\n\t\t\t\t\t\t\t\t\t<section class=\"elementor-section elementor-top-section elementor-element elementor-element-176d203 elementor-section-boxed elementor-section-height-default elementor-section-height-default\" data-id=\"176d203\" data-element_type=\"section\">\n\t\t\t\t\t\t<div class=\"elementor-container elementor-column-gap-default\">\n\t\t\t\t\t\t\t<div class=\"elementor-row\">\n\t\t\t\t\t<div class=\"elementor-column elementor-col-100 elementor-top-column elementor-element elementor-element-6101668\" data-id=\"6101668\" data-element_type=\"column\">\n\t\t\t<div class=\"elementor-column-wrap elementor-element-populated\">\n\t\t\t\t\t\t\t<div class=\"elementor-widget-wrap\">\n\t\t\t\t\t\t<div class=\"elementor-element elementor-element-084810f elementor-widget elementor-widget-text-editor\" data-id=\"084810f\" data-element_type=\"widget\" data-widget_type=\"text-editor.default\">\n\t\t\t\t<div class=\"elementor-widget-container\">\n\t\t\t\t\t\t\t\t<div class=\"elementor-text-editor elementor-clearfix\">\n\t\t\t\t<p>Tra poco si chiuder\u00e0 l&#8217;anno fiscale, in alcuni paesi \u00e8 gi\u00e0 terminato l\u2019anno accademico, altri si accingono a farlo e perci\u00f2, si pu\u00f2 dire che\u00a0 la nostra vita \u00e8 come un chiudere e aprire di periodi; ogni fase per\u00f2 \u00e8 carica d\u2019infinite esperienze di ogni genere. A livello liturgico, la Chiesa ci fa dono di un nuovo Avvento, e siamo invitati a farne un&#8217;esperienza che rinnovi le nostre forze, come farerbbe un bicchiere d&#8217;acqua fresca dopo un lungo viaggio sotto il sole.<\/p><p>\u00a0<\/p><p>Se osserviamo le realt\u00e0 vissute durante quest\u2019ultimo anno nei diversi Paesi del mondo, vedremo dei panorami davvero senza speranza: il tema della guerra che sembra un argomento superato, ma che continua a mietere vite umane, provocando ansia e dolore, ondate di rifugiati \u00a0stanchi e \u00a0affamati, la situazione politica in cos\u00ec tante nazioni che ostacola la libert\u00e0, mina i diritti fondamentali di milioni di persone, le conseguenze della pandemia, il danno indiscriminato verso la nostra madre terra, solo per citarne alcuni.<\/p><p>\u00a0<\/p><p>Pertanto, siamo invitati a riaccendere la speranza. Sebbene siano molti i testi al riguardo, in questa occasione potremmo meditare con occhi nuovi su alcuni scritti di San Luca Evangelista relativi agli atteggiamenti che ha la Vergine Maria e sul pensiero dell&#8217;educatore e filosofo brasiliano Paulo Freire.<\/p><p>\u00a0<\/p><p>Possiamo meditare, in che modo Maria ci da esempio per viver la speranza. Questa giovane Nazarena, donna del suo tempo,\u00a0 che ha vissuto esperienze molto simili alle nostre e come in mezzo ad esse ha saputo ascoltare la parola di Dio che le parlava attraverso le mediazioni. L&#8217;evangelista Luca ci dice :<\/p><p>\u00a0<\/p><p>\u00ab<em>Nel sesto mese, l&#8217;angelo Gabriele fu mandato da Dio in una citt\u00e0 della Galilea, chiamata Nazaret,\u00a0a una vergine, promessa sposa di un uomo della casa di Davide, chiamato Giuseppe. La vergine si chiamava Maria. Entrando da lei, disse: \u00abTi saluto, o piena di grazia, il Signore \u00e8 con te\u00bb.\u00a0A queste parole ella rimase turbata e si domandava che senso avesse un tale saluto.\u00a0L&#8217;angelo le disse: \u00abNon temere, Maria, perch\u00e9 hai trovato grazia presso Dio.\u00a0Ecco concepirai un figlio, lo darai alla luce e lo chiamerai Ges\u00f9.\u00a0Sar\u00e0 grande e chiamato Figlio dell&#8217;Altissimo; il Signore Dio gli dar\u00e0 il trono di Davide suo padre\u00a0e regner\u00e0 per sempre sulla casa di Giacobbe e il suo regno non avr\u00e0 fine<\/em>\u00bb. (Lc 1, 26- 32)<\/p><p>\u00a0<\/p><p>Quando contempliamo Maria, ammiriamo in lei, la sua capacit\u00e0 di accogliere serenamente la confusione e di continuare il suo dialogo con l&#8217;angelo. Sostituendoci a lei, costateremmo in noi questa stessa qualit\u00e0 e ci potremmo anche chiedere: come rendo possibile l\u2019ascolto autentico di Dio e in quali spazi gli permetto di entrare? Forse ho gi\u00e0 orari prestabiliti, schemi fissi, ma forse ci sono anhe degli angoli del mio essere dove ancora non l&#8217;ho invitato ad entrare?<\/p><p>\u00a0<\/p><p>\u00ab<em>Allora Maria disse all&#8217;angelo: \u201cCome \u00e8 possibile? Non conosco uomo\u201d.\u00a0Le rispose l&#8217;angelo: \u201cLo Spirito Santo scender\u00e0 su di te, su te stender\u00e0 la sua ombra la potenza dell&#8217;Altissimo. Colui che nascer\u00e0 sar\u00e0 dunque santo e chiamato Figlio di Dio<\/em>\u00bb. (Lc 1, 34-35)<\/p><p>Esattamente, \u201cchi \u2013 come Maria \u2013 \u00e8 totalmente aperto a Dio, arriva ad accogliere la volont\u00e0 di Dio, anche se \u00e8 misteriosa, anche se spesso non corrisponde alla sua volont\u00e0\u201d (Papa Benedetto XVI, dicembre 2012). Maria d\u00e0 una risposta e come conseguenza di questo ascolto e disponibilit\u00e0 riceve una missione che la sorprende, la sconvolge e si mette in movimento:<\/p><p>\u201c<em>In quei giorni Maria si alz\u00f2 e and\u00f2 in fretta nella regione montuosa, in una citt\u00e0 di Giuda; Entr\u00f2 nella casa di Zaccaria e salut\u00f2 Elisabetta\u201d.<\/em> (Lc 1, 39-40)<\/p><p>Mar\u00eda \u00e8 una donna di speranza attiva, non sta con le mani in mano ad aspettare per vedere cosa succede. Riguardo alla speranza che vive Maria, la potremmo illuminare con le parole di Paulo Freire:<\/p><p><strong><em>\u201cBisogna avere speranza, ma avere speranza dal verbo sperare; perch\u00e9 ci sono persone che sperano dal verbo aspettare. E la speranza del verbo aspettare non \u00e8 speranza, ma attesa. Sperare \u00e8 rialzarsi, sperare \u00e8 andar incontro, sperare \u00e8 costruire, sperare \u00e8 non arrendersi. Sperare \u00e8 andare avanti, sperare \u00e8 unirsi agli altri per fare diversamente<\/em><\/strong>\u00ab.<\/p><p>Maria si presenta come una donna di speranza, perch\u00e9 ha vissuto il verbo sperare, mettendosi in cammino, rischiando per lo stato in cui stava, and<em>\u00f2<\/em> verso i monti di Giuda,\u00a0 cercando di soddisfare i bisogni di Elisabetta. E ancor pi\u00f9 durante la persecuzione da parte di Erode, non rinunci\u00f2 a dover fuggire in Egitto (cfr Mt 2, 13-15).<\/p><p>Rivolgiamo lo sguardo a Maria, per trovare in lei coraggio e forza, per chiederci, come imparare a vivere nel \u00a0modo corretto, affinch\u00e8 questo non sia soltanto un altro Avvento, ma che ci porti qualcosa di nuovo? Attraverso:<\/p><ul><li>la realt\u00e0 che ci circonda<\/li><li>le attivit\u00e0 quotidiane<\/li><li>gli incontri con il Signore, con i fratelli e le sorelle<\/li><\/ul><p>Come diamo vita al verbo SPERARE?<\/p><p>\u00a0<\/p><h6><strong>Sr. <\/strong><strong>Nancy Margoth Monterroso Monterroso<\/strong><\/h6><p>Terziaria Cappuccina della Sacra Famiglia<\/p><p>Guatemala<\/p>\t\t\t\t\t<\/div>\n\t\t\t\t\t\t<\/div>\n\t\t\t\t<\/div>\n\t\t\t\t\t\t<\/div>\n\t\t\t\t\t<\/div>\n\t\t<\/div>\n\t\t\t\t\t\t\t\t<\/div>\n\t\t\t\t\t<\/div>\n\t\t<\/section>\n\t\t\t\t\t\t\t\t\t<\/div>\n\t\t\t<\/div>\n\t\t\t\t\t<\/div>\n\t\t","protected":false},"excerpt":{"rendered":"<p>Tra poco si chiuder\u00e0 l&#8217;anno fiscale, in alcuni paesi \u00e8 gi\u00e0 terminato l\u2019anno accademico, altri si accingono a farlo e perci\u00f2, si pu\u00f2 dire che\u00a0 la nostra vita \u00e8 come un chiudere e aprire di periodi; ogni fase per\u00f2 \u00e8 carica d\u2019infinite esperienze di ogni genere. A livello liturgico, la Chiesa ci fa dono di [&hellip;]<\/p>\n","protected":false},"author":1,"featured_media":6322,"comment_status":"open","ping_status":"open","sticky":false,"template":"","format":"standard","meta":[],"categories":[49],"tags":[],"_links":{"self":[{"href":"https:\/\/www.terciariascapuchinas.org\/it\/wp-json\/wp\/v2\/posts\/6339"}],"collection":[{"href":"https:\/\/www.terciariascapuchinas.org\/it\/wp-json\/wp\/v2\/posts"}],"about":[{"href":"https:\/\/www.terciariascapuchinas.org\/it\/wp-json\/wp\/v2\/types\/post"}],"author":[{"embeddable":true,"href":"https:\/\/www.terciariascapuchinas.org\/it\/wp-json\/wp\/v2\/users\/1"}],"replies":[{"embeddable":true,"href":"https:\/\/www.terciariascapuchinas.org\/it\/wp-json\/wp\/v2\/comments?post=6339"}],"version-history":[{"count":4,"href":"https:\/\/www.terciariascapuchinas.org\/it\/wp-json\/wp\/v2\/posts\/6339\/revisions"}],"predecessor-version":[{"id":6345,"href":"https:\/\/www.terciariascapuchinas.org\/it\/wp-json\/wp\/v2\/posts\/6339\/revisions\/6345"}],"wp:featuredmedia":[{"embeddable":true,"href":"https:\/\/www.terciariascapuchinas.org\/it\/wp-json\/wp\/v2\/media\/6322"}],"wp:attachment":[{"href":"https:\/\/www.terciariascapuchinas.org\/it\/wp-json\/wp\/v2\/media?parent=6339"}],"wp:term":[{"taxonomy":"category","embeddable":true,"href":"https:\/\/www.terciariascapuchinas.org\/it\/wp-json\/wp\/v2\/categories?post=6339"},{"taxonomy":"post_tag","embeddable":true,"href":"https:\/\/www.terciariascapuchinas.org\/it\/wp-json\/wp\/v2\/tags?post=6339"}],"curies":[{"name":"wp","href":"https:\/\/api.w.org\/{rel}","templated":true}]}}